{"id":183,"date":"2006-04-02T12:02:14","date_gmt":"2006-04-02T10:02:14","guid":{"rendered":"http:\/\/www.manq.it\/wordpress\/?p=183"},"modified":"2007-10-03T18:21:32","modified_gmt":"2007-10-03T16:21:32","slug":"i-just-wanna-say-i-think-killin-is-wrong-no-matter-who-does-it-whether-its-me-or-yall-or-your-government","status":"publish","type":"post","link":"https:\/\/www.manq.it\/index.php\/2006\/04\/02\/i-just-wanna-say-i-think-killin-is-wrong-no-matter-who-does-it-whether-its-me-or-yall-or-your-government\/","title":{"rendered":"&#8220;I just wanna say I think killin&#8217; is wrong, no matter who does it, whether it&#8217;s me or y&#8217;all or your government.&#8221;"},"content":{"rendered":"<p align=\"justify\">Al ritrovamento del cadavere del piccolo Tommaso, la situazione \u00e8 piuttosto pesante.<br \/>\nAlessandra Mussolini dichiara: &#8220;Gli assassini del piccolo Tommaso vanno giustiziati. Subito un referendum per chiedere al popolo italiano la istituzione della pena di morte per chi uccide i bambini.&#8221;.<br \/>\nLa gente ha quasi linciato Alessi, uno dei carnefici dell&#8217;infante.<br \/>\nL&#8217;associazione &#8220;Detenuti non violenti&#8221; ha promesso pesanti ritorsioni sui colpevoli una volta incarcerati.<br \/>\nApparentemente pi\u00f9 assennata la reazione di Calderoli che dichiara: &#8220;In questo momento il dolore per la morte di Tommaso \u00e8 cos\u00ec forte che, forse, sarebbe meglio non parlare: siamo attoniti di fronte ad un episodio cos\u00ec terribile, certamente una delle cose pi\u00f9 atroci e orribili che siano mai capitate in questo Paese.&#8221;. La lucidit\u00e0 per\u00f2 non dura molto, visto che il suo intervento prosegue in questo modo: &#8220;In questo momento oltre al dolore, \u00e8 forte anche la rabbia per quanto accaduto, per questo posso comprendere la rabbia del collega Ettore Pirovano quando arriva a chiedere la pena di morte per chi si macchia di delitti aberranti come questo. Ci si trova di fronte non a balordi ma a bestie, che arrivano a sopprimere un bimbo, colpendolo con un badile, solo perch\u00e8 piange e le bestie feroci in quanto tali dovrebbero essere soppresse.&#8221;.<br \/>\nQueste reazioni, che alcuni definiscono &#8220;comprensibili&#8221;, mi lasciano non poco perplesso.<br \/>\nPersonalmente sono profondamente sconvolto dalle barbarie che alcuni miei simili possono essere in grado di compiere, come \u00e8 avvenuto in questo caso, tuttavia non voglio nemmeno pensare di dover vivere in uno stato governato dalla violenza e che prende i suoi provvedimenti in ambito di giustizia facendosi guidare dalla rabbia e dalla volont\u00e0 di vendetta.<br \/>\nSono fermamente convinto che per Alessi e soci vivere un&#8217;intera vita in galera logorato dal rimorso sar\u00e0 ben pi\u00f9 pesante di un&#8217;iniezione letale, un impiccagione in pubblica piazza o il sostare di fronte ad un qualsiasi plotone d&#8217;esecuzione. Senza un futuro da vivere la morte \u00e8 solo un sollievo.<br \/>\nOra la domanda \u00e8 questa: io sono profondamente convinto che non sia nel diritto dell&#8217;uomo uccidere i suoi simili in alcun caso, tuttavia mi rivolgo a coloro che reputano giusta un&#8217;azione del genere. Siete sicuri di voler fare questo favore agli assassini?<\/p>\n","protected":false},"excerpt":{"rendered":"<p>Al ritrovamento del cadavere del piccolo Tommaso, la situazione \u00e8 piuttosto pesante. Alessandra Mussolini dichiara: &#8220;Gli assassini del piccolo Tommaso vanno giustiziati. Subito un referendum per chiedere al popolo italiano la istituzione della pena di morte per chi uccide i bambini.&#8221;. La gente ha quasi linciato Alessi, uno dei carnefici dell&#8217;infante. L&#8217;associazione &#8220;Detenuti non violenti&#8221;&hellip;&nbsp;<a href=\"https:\/\/www.manq.it\/index.php\/2006\/04\/02\/i-just-wanna-say-i-think-killin-is-wrong-no-matter-who-does-it-whether-its-me-or-yall-or-your-government\/\" rel=\"bookmark\">Leggi tutto &raquo;<span class=\"screen-reader-text\">&#8220;I just wanna say I think killin&#8217; is wrong, no matter who does it, whether it&#8217;s me or y&#8217;all or your government.&#8221;<\/span><\/a><\/p>\n","protected":false},"author":1,"featured_media":0,"comment_status":"open","ping_status":"open","sticky":false,"template":"","format":"standard","meta":{"neve_meta_sidebar":"","neve_meta_container":"","neve_meta_enable_content_width":"","neve_meta_content_width":0,"neve_meta_title_alignment":"","neve_meta_author_avatar":"","neve_post_elements_order":"","neve_meta_disable_header":"","neve_meta_disable_footer":"","neve_meta_disable_title":"","footnotes":""},"categories":[18,4],"tags":[],"class_list":["post-183","post","type-post","status-publish","format-standard","hentry","category-politica","category-riflessioni"],"_links":{"self":[{"href":"https:\/\/www.manq.it\/index.php\/wp-json\/wp\/v2\/posts\/183","targetHints":{"allow":["GET"]}}],"collection":[{"href":"https:\/\/www.manq.it\/index.php\/wp-json\/wp\/v2\/posts"}],"about":[{"href":"https:\/\/www.manq.it\/index.php\/wp-json\/wp\/v2\/types\/post"}],"author":[{"embeddable":true,"href":"https:\/\/www.manq.it\/index.php\/wp-json\/wp\/v2\/users\/1"}],"replies":[{"embeddable":true,"href":"https:\/\/www.manq.it\/index.php\/wp-json\/wp\/v2\/comments?post=183"}],"version-history":[{"count":0,"href":"https:\/\/www.manq.it\/index.php\/wp-json\/wp\/v2\/posts\/183\/revisions"}],"wp:attachment":[{"href":"https:\/\/www.manq.it\/index.php\/wp-json\/wp\/v2\/media?parent=183"}],"wp:term":[{"taxonomy":"category","embeddable":true,"href":"https:\/\/www.manq.it\/index.php\/wp-json\/wp\/v2\/categories?post=183"},{"taxonomy":"post_tag","embeddable":true,"href":"https:\/\/www.manq.it\/index.php\/wp-json\/wp\/v2\/tags?post=183"}],"curies":[{"name":"wp","href":"https:\/\/api.w.org\/{rel}","templated":true}]}}