{"id":1879,"date":"2015-11-16T00:01:06","date_gmt":"2015-11-15T23:01:06","guid":{"rendered":"http:\/\/www.manq.it\/?p=1879"},"modified":"2015-11-16T13:46:39","modified_gmt":"2015-11-16T12:46:39","slug":"opinioni-personali","status":"publish","type":"post","link":"https:\/\/www.manq.it\/index.php\/2015\/11\/16\/opinioni-personali\/","title":{"rendered":"Opinioni personali"},"content":{"rendered":"<p align=\"justify\">Ho provato a non dire nulla, a caldo, su quanto successo a Parigi venerd\u00ec notte. Bombardato in ogni direzione dai commenti pi\u00f9 diversi, ho tentato in tutti i modi di tenermi il mio parere per me, convinto che se avessi parlato sarebbe stato solo per dire qualche banalit\u00e0 o per dare addosso a qualche idiota.<br \/>\nDi idiozie per\u00f2 ne ho lette davvero troppe e, pur continuando a pensare non abbia il minimo senso dare addosso direttamente a chi le ha scritte*, ritengo sia mio sacrosanto diritto usare questo spazio per fare qualche precisazione.<br \/>\nSegue la lista delle opinioni che reputo stronze. Se sentite vostro uno o pi\u00f9 di questi concetti, sappiate che non godete della mia stima e se non ve lo dico direttamente \u00e9 solo perch\u00e9 non ritengo ne valga la pena. Poi oh, ci sono miliardi di persone che senza la mia stima vivono comunque bene quindi penso possiate farvene una ragione.<br \/>\n1) Qualunque pensiero colleghi le stragi di Parigi a qual si voglia campagna xenofoba, \u00e9 merda. Non c&#8217;\u00e8 molto da dilungarsi in merito.<br \/>\n2) Associare gli atti terroristici alla religione islamica \u00e8 una stronzata. Sarebbe come dire che i preti pedofili sono tali per colpa del cristianesimo. Non ha senso. Io non sono religioso, ma la religione non \u00e8 il problema. Il problema \u00e8 sempre l&#8217;uso che se ne fa. Il discorso \u00e8 analogo a quello che qualcuno fa per le armi, ma il paragone non tiene perch\u00e9 lo scopo ultimo della religione non \u00e8 arrecare danno al prossimo. Come in tutte le cose, il problema sono gli uomini. Quindi NO, non \u00e8 sbagliato o deprecabile che chi crede preghi per Parigi e NO non \u00e8 asserendo con supponenza che le religioni siano roba da scemi e\/o fondamentalisti che si contribuisce alla questione.<br \/>\nQuesta cosa non vi entra in testa. D&#8217;altra parte siete convinti che il tifo sia la causa della violenza negli stadi e non un pretesto.<br \/>\n3) \u00c8 davvero necessario condividere una frase dal corano che condanna l&#8217;omicidio? Ma soprattutto: quella frase \u00e8 davvero nel corano? Ne siete sicuri? E anche fosse, nel corano non ci sono anche frasi in contraddizione con quella? Io non lo so. So che nella Bibbia ci sono le stragi E il comandamento non uccidere. Lo so perch\u00e9 la bibbia almeno un po&#8217; l&#8217;ho letta. Avete letto il corano? Chi cazzo siete per andare ad insegnare il corano ai mussulmani? E soprattutto, tornando al punto 2, davvero siete convinti che la base su cui fonda il terrorismo sia una scarsa conoscenza delle sacre scritture islamiche e che questa lacuna possa essere colmata dai vostri profili social?<br \/>\n4) &#8220;Adesso ti scandalizzi per Parigi, ma dov&#8217;eri quando a morire erano i vulcaniani (pregasi inserire nome di popolazione a piacere)?&#8221;<br \/>\nQuesta \u00e8 una roba che mi manda davvero il sangue in testa. In primis i media non mi sovraespongono alle continue stragi che capitano. Gente nel mondo ne muore in continuazione ed \u00e8 ovvio che, per dispiacermi, devo saperlo.<br \/>\nNon basta per\u00f2. Proprio perch\u00e9 succede di continuo devo non solo venirne a conoscenza, ma essere forzato a percepirla come una cosa pi\u00f9 grave di altre. E questo \u00e8 ancora legato all&#8217;azione dei media. Conosco molte pi\u00f9 persone che siano andate in vacanza a Sharm almeno una volta di quante siano state ad un concerto alternative in un piccolo locale. Eppure l&#8217;aereo turistico russo fatto saltare dall&#8217;Isis in rientro dall&#8217;Egitto poche settimane fa non ha generato tutto questo moto di indignazione. Questo perch\u00e9 vivere le disgrazie come distanti \u00e8 parte costituente della nostra natura. Se non veniamo forzati a fermarci e pensare, a sentirle vicine, non lo facciamo. Non riusciremmo ad andare avanti, altrimenti. Quindi ok, non discuto che parte del fenomeno &#8220;lutto di massa&#8221; si basi su omologazione, sovraesposizione mediatica e scarsa informazione, ma chi cazzo siete voi per pontificare?<br \/>\nLa maggior parte delle persone che scrivono &#8220;Eh, ma dove eravate quando a morire erano i vulcaniani&#8221; io non me le ricordo a piangere per i vulcaniani. Quindi \u00e8 solo voglia di rompere il cazzo, una cosa di cui in questo momento non c&#8217;\u00e8 bisogno.<br \/>\n5) Sottolineare che il cordoglio social sia nel migliore dei casi inutile e nel peggiore moda non fa di voi persone pi\u00fa autorevoli. E, se lo chiedeste a me, risponderei che il cordoglio social ormai ha lo stesso impatto di una mobilitazione di piazza. Che voglia dire molto oppure niente non conta, conta il fatto che meriti lo stesso livello di analisi e lo stesso metro di giudizio.<br \/>\n6) Basta dietrologie. Pu\u00f2 anche esserci un ruolo di Istraele, degli Usa, del prossimo G20 e di chiss\u00e0 chi altri in quanto successo. Dirlo oggi non aggiunge nulla, soprattutto se lo si dice senza mezza prova o dettaglio al seguito. Se qualcuno ha le basi per dimostrare qualsiasi collusione ai teagici attentati farebbe bene a dirlo, altrimenti son solo ipotesi pi\u00f9 o meno fantasiose.<br \/>\n7) <strong>EDIT del 16\/11 alle ore 9:21.<\/strong> Le foto dei morti. Chi pubblica le foto dei morti \u00e8 un verme.<br \/>\n8) Al punto uno ho detto che la strumentalizzazione di questi avvenimenti per legittimare propagande xenofobe di intolleranza \u00e9 da stronzi. Lo ripeto.<\/p>\n<p style=\"margin: 10px 0px 0px 0px;\" align=\"justify\">Come detto, \u00e8 probabile queste mie riflessioni non aggiungano nulla alla questione, ma sentivo di metterle nere su bianco. D&#8217;altro canto purtroppo quel che penso del terrorismo <a href=\"http:\/\/www.manq.it\/index.php\/2015\/01\/07\/alcune-considerazioni-anche-stronze-su-quanto-successo-a-parigi\/\" target=\"_blank\">l&#8217;avevo gi\u00e0 espresso a gennaio<\/a> e non credo sia necessario ripetermi. Nulla \u00e8 cambiato.<br \/>\nLa discriminante ormai \u00e8 solo la fortuna: sperare di non esserci quando capita.<br \/>\nQuando, non se.<\/p>\n<p style=\"margin: 30px 0px 0px 0px;\" align=\"justify\">* A me di solito &#8220;litigare&#8221; online diverte. Non trollo mai tanto per fare, ma certamente non manco occasione di commentare ci\u00f2 che non condivido nella speranza ne nasca un dibattito acceso.<br \/>\nIn questo caso non l&#8217;ho fatto perch\u00e9 non sarebbe stato divertente.<\/p>\n","protected":false},"excerpt":{"rendered":"<p>Ho provato a non dire nulla, a caldo, su quanto successo a Parigi venerd\u00ec notte. Bombardato in ogni direzione dai commenti pi\u00f9 diversi, ho tentato in tutti i modi di tenermi il mio parere per me, convinto che se avessi parlato sarebbe stato solo per dire qualche banalit\u00e0 o per dare addosso a qualche idiota.&hellip;&nbsp;<a href=\"https:\/\/www.manq.it\/index.php\/2015\/11\/16\/opinioni-personali\/\" rel=\"bookmark\">Leggi tutto &raquo;<span class=\"screen-reader-text\">Opinioni personali<\/span><\/a><\/p>\n","protected":false},"author":1,"featured_media":0,"comment_status":"open","ping_status":"open","sticky":false,"template":"","format":"standard","meta":{"neve_meta_sidebar":"","neve_meta_container":"","neve_meta_enable_content_width":"","neve_meta_content_width":0,"neve_meta_title_alignment":"","neve_meta_author_avatar":"","neve_post_elements_order":"","neve_meta_disable_header":"","neve_meta_disable_footer":"","neve_meta_disable_title":"","footnotes":""},"categories":[43,44,18,4],"tags":[],"class_list":["post-1879","post","type-post","status-publish","format-standard","hentry","category-litalia-e-una-merda-ma","category-litalia-e-una-merda","category-politica","category-riflessioni"],"_links":{"self":[{"href":"https:\/\/www.manq.it\/index.php\/wp-json\/wp\/v2\/posts\/1879","targetHints":{"allow":["GET"]}}],"collection":[{"href":"https:\/\/www.manq.it\/index.php\/wp-json\/wp\/v2\/posts"}],"about":[{"href":"https:\/\/www.manq.it\/index.php\/wp-json\/wp\/v2\/types\/post"}],"author":[{"embeddable":true,"href":"https:\/\/www.manq.it\/index.php\/wp-json\/wp\/v2\/users\/1"}],"replies":[{"embeddable":true,"href":"https:\/\/www.manq.it\/index.php\/wp-json\/wp\/v2\/comments?post=1879"}],"version-history":[{"count":13,"href":"https:\/\/www.manq.it\/index.php\/wp-json\/wp\/v2\/posts\/1879\/revisions"}],"predecessor-version":[{"id":1893,"href":"https:\/\/www.manq.it\/index.php\/wp-json\/wp\/v2\/posts\/1879\/revisions\/1893"}],"wp:attachment":[{"href":"https:\/\/www.manq.it\/index.php\/wp-json\/wp\/v2\/media?parent=1879"}],"wp:term":[{"taxonomy":"category","embeddable":true,"href":"https:\/\/www.manq.it\/index.php\/wp-json\/wp\/v2\/categories?post=1879"},{"taxonomy":"post_tag","embeddable":true,"href":"https:\/\/www.manq.it\/index.php\/wp-json\/wp\/v2\/tags?post=1879"}],"curies":[{"name":"wp","href":"https:\/\/api.w.org\/{rel}","templated":true}]}}