{"id":282,"date":"2006-12-15T14:29:13","date_gmt":"2006-12-15T13:29:13","guid":{"rendered":"http:\/\/www.manq.it\/wordpress\/?p=282"},"modified":"2006-12-15T14:29:13","modified_gmt":"2006-12-15T13:29:13","slug":"cd-da-viaggio","status":"publish","type":"post","link":"https:\/\/www.manq.it\/index.php\/2006\/12\/15\/cd-da-viaggio\/","title":{"rendered":"Cd da viaggio"},"content":{"rendered":"<p align=\"justify\">Sono a casa.<br \/>\nA causa del presunto sciopero selvaggio lavorer\u00f2 domani mattina.<br \/>\nOggi si studia.<br \/>\nUna pausa qua e la per\u00f2 non guasta, cos\u00ec in uno di questi frangenti ho prodotto la prima versione di quello che sar\u00e0 il mio CD di capodanno.<br \/>\nNon \u00e8 il caso di dare anticipazioni sulla composizione, tuttavia credo ne sia uscita una compilation abbastanza eterogenea. Dura ottanta minuti scarsi in cui si susseguono diciotto tracce pescate all&#8217;interno di quello che pi\u00f9 mi piace e suddividibili grossolanamente in tre macrocategorie: 6 pezzi molli, 6 pezzi medi e 6 pezzi duri. Non mi sono concesso divagazioni all&#8217;infuori dei miei ascolti canonici, cosa che solitamente faccio quando realizzo una compilation, perch\u00e8 durante il viaggio ci sar\u00e0 spazio per altri tre CD realizzati da altrettanti passeggeri e quindi mi \u00e8 sembrato giusto sfruttare tutti i minuti a disposizione per pezzi che realmente ho voglia di ascoltare.<br \/>\nAttualmente ho selezionato i brani, preparato la scaletta ed effettuato un primo mixaggio per eliminare le imperfezioni e le disomogeneit\u00e0 tra le diverse canzoni.<br \/>\nQuesta versione dovr\u00e0 essere masterizzata ed ascoltata in macchina con calma, per vedere se ancora qualcosa da sistemare c&#8217;\u00e8 e, soprattutto, se la scaletta risulta efficace.<br \/>\nUltimato il lavoro sui pezzi, dovr\u00f2 occuparmi della veste grafica.<\/p>\n","protected":false},"excerpt":{"rendered":"<p>Sono a casa. A causa del presunto sciopero selvaggio lavorer\u00f2 domani mattina. Oggi si studia. Una pausa qua e la per\u00f2 non guasta, cos\u00ec in uno di questi frangenti ho prodotto la prima versione di quello che sar\u00e0 il mio CD di capodanno. Non \u00e8 il caso di dare anticipazioni sulla composizione, tuttavia credo ne&hellip;&nbsp;<a href=\"https:\/\/www.manq.it\/index.php\/2006\/12\/15\/cd-da-viaggio\/\" rel=\"bookmark\">Leggi tutto &raquo;<span class=\"screen-reader-text\">Cd da viaggio<\/span><\/a><\/p>\n","protected":false},"author":1,"featured_media":0,"comment_status":"open","ping_status":"open","sticky":false,"template":"","format":"standard","meta":{"neve_meta_sidebar":"","neve_meta_container":"","neve_meta_enable_content_width":"","neve_meta_content_width":0,"neve_meta_title_alignment":"","neve_meta_author_avatar":"","neve_post_elements_order":"","neve_meta_disable_header":"","neve_meta_disable_footer":"","neve_meta_disable_title":"","footnotes":""},"categories":[5],"tags":[],"class_list":["post-282","post","type-post","status-publish","format-standard","hentry","category-musica"],"_links":{"self":[{"href":"https:\/\/www.manq.it\/index.php\/wp-json\/wp\/v2\/posts\/282","targetHints":{"allow":["GET"]}}],"collection":[{"href":"https:\/\/www.manq.it\/index.php\/wp-json\/wp\/v2\/posts"}],"about":[{"href":"https:\/\/www.manq.it\/index.php\/wp-json\/wp\/v2\/types\/post"}],"author":[{"embeddable":true,"href":"https:\/\/www.manq.it\/index.php\/wp-json\/wp\/v2\/users\/1"}],"replies":[{"embeddable":true,"href":"https:\/\/www.manq.it\/index.php\/wp-json\/wp\/v2\/comments?post=282"}],"version-history":[{"count":0,"href":"https:\/\/www.manq.it\/index.php\/wp-json\/wp\/v2\/posts\/282\/revisions"}],"wp:attachment":[{"href":"https:\/\/www.manq.it\/index.php\/wp-json\/wp\/v2\/media?parent=282"}],"wp:term":[{"taxonomy":"category","embeddable":true,"href":"https:\/\/www.manq.it\/index.php\/wp-json\/wp\/v2\/categories?post=282"},{"taxonomy":"post_tag","embeddable":true,"href":"https:\/\/www.manq.it\/index.php\/wp-json\/wp\/v2\/tags?post=282"}],"curies":[{"name":"wp","href":"https:\/\/api.w.org\/{rel}","templated":true}]}}