{"id":2895,"date":"2018-07-16T12:03:45","date_gmt":"2018-07-16T10:03:45","guid":{"rendered":"http:\/\/www.manq.it\/?p=2895"},"modified":"2018-07-16T12:03:45","modified_gmt":"2018-07-16T10:03:45","slug":"che-fatica-la-vita-su-twitter-nel-2018","status":"publish","type":"post","link":"https:\/\/www.manq.it\/index.php\/2018\/07\/16\/che-fatica-la-vita-su-twitter-nel-2018\/","title":{"rendered":"Che fatica la vita su twitter nel 2018"},"content":{"rendered":"<p style=\"text-align: justify;\">Forse \u00e8 il caldo, forse la noia, ma sento l&#8217;esigenza di parlare di una questione fondamentale.<br \/>\nQuesta:<\/p>\n<p><a href=\"https:\/\/twitter.com\/MuseeLouvre\/status\/1018539239020154880\" target=\"_blank\" rel=\"noopener\"><img decoding=\"async\" class=\"aligncenter\" title=\"#FRANCIAMERDA\" src=\"http:\/\/www.manq.it\/wordpress\/wp-content\/uploads\/tweetlouvre.jpg\" width=\"500\"><\/a><\/p>\n<p style=\"text-align: justify;\">La Francia ha vinto i mondiali.<br \/>\nE&#8217; una catastrofe, ma ci possiamo fare poco (avremmo potuto provare ad impedirglielo, che ne so, qualificandoci alle fasi finali, ma non vorrei tornare sul fatto che questa sia&nbsp;<a href=\"http:\/\/www.manq.it\/index.php\/2017\/11\/14\/cose-che-non-succederanno\/\" target=\"_blank\" rel=\"noopener\">l&#8217;estate pi\u00f9 triste della mia vita.<\/a>).<br \/>\nHan vinto, dicevamo. Bravi.<br \/>\nVa beh, non hanno incontrato mezza avversaria decente e in finale vincevano 2-1 senza aver mai fatto non dico un tiro, ma un&#8217;azione d&#8217;attacco, ma OK. VA BENE. Lo accetto.<br \/>\nLa Francia \u00e8 campione del mondo.<br \/>\nE&#8217; giusto festeggino. Solo che il social media manager del Louvre non ha trovato nulla di pi\u00f9 francese della Gioconda per celebrare la sua nazione e questo a me pare un bel fail. Senza mi pare, anzi, \u00e8 un fail clamoroso. Questi chiamano il DNA &#8220;ADN&#8221; e il computer &#8220;ordinateur&#8221; per non usare parole altrui e poi per auto incensarsi postano la Gioconda?<br \/>\nSon dei babbi, dai.&nbsp;<br \/>\nCosa che, tra l&#8217;altro, non scopriamo certo oggi.<br \/>\nSiccome per\u00f2 viviamo dei tempi davvero difficili, da questa cosa \u00e8 scoppiato fuori un putiferio.<br \/>\nDa una parte sono ovviamente scattati subito tutti quei disagiati social che ultimamente a quanto pare costituiscono l&#8217;opinione pubblica italiana. Quelli che si esprimono come Salvini, quelli che &#8220;LA GIOCONDA E&#8217; NOSTRA CE LAVETE RUBBATA!1!&#8221;. Va beh. Che in Italia ci sia una fetta importante della popolazione con la sabbia nella scatola cranica non credo sia una scoperta sensazionale. Si sono giustamente fatti blastare dallo stesso social media manager di cui sopra e questo fa un po&#8217; da riferimento, avendo noi appena accertato non si parli di una faina.<br \/>\nDall&#8217;altra parte sono invece insorti tutti quelli che ogni scusa \u00e8 buona per buttare la questione in politica da bar. Non fossero bastati due giorni di dilemma senza senso tra il tifare Croazia &#8220;eh, ma cos\u00ec sto <a href=\"https:\/\/twitter.com\/Paolo_Bargiggia\/status\/1017169517087281158\" target=\"_blank\" rel=\"noopener\">con Bargiggia<\/a> e Casa Pound&#8221; o Francia &#8220;che per\u00f2 Macron lascia le donne incinte sui treni e ci fa la predica sull&#8217;accoglienza&#8221;, mettiamoci anche il carico con centinaia di inutili tweet a cavallo tra la storia dell&#8217;arte e il social shaming della propria nazione ignorante.<br \/>\nNon so quale delle due posizioni mi dia pi\u00f9 i nervi, dovendo scegliere, ma il peggio \u00e8 che sia impossibile provare a mettersi in mezzo, a definire una posizione diversa.<br \/>\nO stai coi derelitti che usano la gioconda per ricordare che la Francia in realt\u00e0 \u00e8 piena di africani, o stai con quelli che vedono nell&#8217;odio sportivo verso i transalpini una vena forzatamente legata ad un rigurgito nazionalista e sovranista.<br \/>\nMe lo spiegate come si tira fuori il nazionalismo da una competizione tra squadre nazionali, per la carit\u00e0 del vostro Dio?<br \/>\nE&#8217; ovvio ci sia, ma \u00e8 un nazionalismo sportivo. E&#8217; sano? Va bene? Non lo so. Forse \u00e8 un concetto che nel 2018 dovrebbe risultare anacronistico, forse invece \u00e8 bene che ogni due anni i paesi europei sfoghino le loro rivalit\u00e0 secolari su un campo da calcio invece che invadendosi a vicenda. Per\u00f2 non si parlava di quello, santa madonna.<br \/>\nSi parlava di un tweet sbagliato fatto dal social media manager del Louvre per celebrare il proprio Paese. Non \u00e8 complicato, basterebbe leggere le argomentazioni e rispondere a quelle, invece di continuare a sfogare la propria convinzione ideologica quale che sia l&#8217;interlocutore.<br \/>\nPoi se volete venirmi a dire che quel tweet non fosse un tentativo di innalzare i colori francesi dopo la vittoria mondiale, ma una pi\u00f9 o meno velata operazione di perculaggio ai danni di noi italiani gufi e perdenti allora va bene. Non ci credo manco per un minuto, ma posso concedere il beneficio del dubbio (non si fa processo alle intenzioni).<br \/>\nCome presa per il culo \u00e8 sicuramente efficacissima.<br \/>\nPermettetemi per\u00f2 di dire che se nel momento della massima vittoria il loro primo pensiero \u00e8 sfottere un avversario che manco era in competizione, beh, \u00e8 legittimo gli si imputi una mentalit\u00e0 perdente.<br \/>\nE forse \u00e8 vero che da quel 2006 si devono ancora riprendere.<\/p>\n<p><a href=\"https:\/\/www.youtube.com\/watch?v=U59IW2aZZ5g\" target=\"_blank\" rel=\"noopener\">POOOOO-PO-PO-PO-PO-POOOO-POOOOOOO<\/a>.<\/p>\n","protected":false},"excerpt":{"rendered":"<p>Forse \u00e8 il caldo, forse la noia, ma sento l&#8217;esigenza di parlare di una questione fondamentale. Questa: La Francia ha vinto i mondiali. E&#8217; una catastrofe, ma ci possiamo fare poco (avremmo potuto provare ad impedirglielo, che ne so, qualificandoci alle fasi finali, ma non vorrei tornare sul fatto che questa sia&nbsp;l&#8217;estate pi\u00f9 triste della&hellip;&nbsp;<a href=\"https:\/\/www.manq.it\/index.php\/2018\/07\/16\/che-fatica-la-vita-su-twitter-nel-2018\/\" rel=\"bookmark\">Leggi tutto &raquo;<span class=\"screen-reader-text\">Che fatica la vita su twitter nel 2018<\/span><\/a><\/p>\n","protected":false},"author":1,"featured_media":0,"comment_status":"open","ping_status":"open","sticky":false,"template":"","format":"standard","meta":{"neve_meta_sidebar":"","neve_meta_container":"","neve_meta_enable_content_width":"","neve_meta_content_width":0,"neve_meta_title_alignment":"","neve_meta_author_avatar":"","neve_post_elements_order":"","neve_meta_disable_header":"","neve_meta_disable_footer":"","neve_meta_disable_title":"","footnotes":""},"categories":[43,18,4,7],"tags":[],"class_list":["post-2895","post","type-post","status-publish","format-standard","hentry","category-litalia-e-una-merda-ma","category-politica","category-riflessioni","category-sport"],"_links":{"self":[{"href":"https:\/\/www.manq.it\/index.php\/wp-json\/wp\/v2\/posts\/2895","targetHints":{"allow":["GET"]}}],"collection":[{"href":"https:\/\/www.manq.it\/index.php\/wp-json\/wp\/v2\/posts"}],"about":[{"href":"https:\/\/www.manq.it\/index.php\/wp-json\/wp\/v2\/types\/post"}],"author":[{"embeddable":true,"href":"https:\/\/www.manq.it\/index.php\/wp-json\/wp\/v2\/users\/1"}],"replies":[{"embeddable":true,"href":"https:\/\/www.manq.it\/index.php\/wp-json\/wp\/v2\/comments?post=2895"}],"version-history":[{"count":2,"href":"https:\/\/www.manq.it\/index.php\/wp-json\/wp\/v2\/posts\/2895\/revisions"}],"predecessor-version":[{"id":2897,"href":"https:\/\/www.manq.it\/index.php\/wp-json\/wp\/v2\/posts\/2895\/revisions\/2897"}],"wp:attachment":[{"href":"https:\/\/www.manq.it\/index.php\/wp-json\/wp\/v2\/media?parent=2895"}],"wp:term":[{"taxonomy":"category","embeddable":true,"href":"https:\/\/www.manq.it\/index.php\/wp-json\/wp\/v2\/categories?post=2895"},{"taxonomy":"post_tag","embeddable":true,"href":"https:\/\/www.manq.it\/index.php\/wp-json\/wp\/v2\/tags?post=2895"}],"curies":[{"name":"wp","href":"https:\/\/api.w.org\/{rel}","templated":true}]}}