{"id":3253,"date":"2019-02-19T14:27:02","date_gmt":"2019-02-19T13:27:02","guid":{"rendered":"https:\/\/www.manq.it\/?p=3253"},"modified":"2019-02-19T14:40:17","modified_gmt":"2019-02-19T13:40:17","slug":"ventanni-di-stare-bene","status":"publish","type":"post","link":"https:\/\/www.manq.it\/index.php\/2019\/02\/19\/ventanni-di-stare-bene\/","title":{"rendered":"Vent&#8217;anni di stare bene"},"content":{"rendered":"<p style=\"text-align: justify;\">Ce l&#8217;avete un immaginario dello stare bene?<br \/>\nIo s\u00ec, ma se ci penso non ha per niente a che fare con me o con la mia vita. Forse \u00e8 strano o magari capita a tutti, sta di fatto che se chiudo gli occhi e penso ad un posto felice l&#8217;immagine che ne esce \u00e8 fatta di esperienze che non mi appartengono, non in modo diretto quantomeno.<br \/>\nSono cose che ho visto in TV, su MTV prevalentemente, oppure nelle serie e nei film dell&#8217;epoca. Roba che ho sentito nelle canzoni, ma anche (forse soprattutto) idealizzato nella mia testa di adolescente sempre troppo impegnato a sognare quanto sarebbe figo fare delle cose piuttosto che mettersi l\u00ec e, tipo, farle davvero.<br \/>\nQuindi se penso allo stare bene e lascio fluire i pensieri senza guidarli \u00e8 facile finisca ad immaginare feste in piscina, spiagge, gente giovane che si diverte.<br \/>\nNel mio immaginario dello stare bene c&#8217;\u00e8 sempre il sole e se devo associare un suono a questa sensazione, nove su dieci viene fuori questo riff di chitarra.<\/p>\n<p><iframe loading=\"lazy\" src=\"https:\/\/www.youtube.com\/embed\/sc5iTNVEOAg?controls=0\" width=\"700\" height=\"395\" frameborder=\"0\" allowfullscreen=\"allowfullscreen\"><span data-mce-type=\"bookmark\" style=\"display: inline-block; width: 0px; overflow: hidden; line-height: 0;\" class=\"mce_SELRES_start\">\ufeff<\/span><\/iframe><\/p>\n<p style=\"text-align: justify;\">A <em>Place in the Sun<\/em> dei Lit non \u00e8 un disco da raccontare.<br \/>\nE&#8217; il disco da mettere in macchina a volume alto e poi guidare, senza necessariamente avere una destinazione, ma solo per il piacere di farlo. La prima volta che sono andato in California \u00e8 stato per lavoro, ben oltre gli anni in cui ho costruito l&#8217;immaginario di cui sopra. Avevo un paio di giorni liberi per fare il turista e cos\u00ec, uno di questi, mi son preso una macchina a nolo. Avevo chiesto l&#8217;utilitaria pi\u00f9 sgrausa per spendere poco, ma \u00e8 venuto fuori che le uniche auto noleggiabili a San Francisco sono&nbsp;<em>muscle car<\/em> e <em>pickup<\/em> giganti, quindi per i 35 dollari pattuiti mi hanno dato in mano <a href=\"https:\/\/www.google.com\/url?sa=i&amp;source=images&amp;cd=&amp;cad=rja&amp;uact=8&amp;ved=2ahUKEwj3huTU58fgAhUC3aQKHTk1CDQQjRx6BAgBEAU&amp;url=http%3A%2F%2Fcarbilds.us%2Fchevrolet-camaro-cabrio-gelb%2Fbumblebee-chevrolet-camaro-cabrio-gelb-wallpaper-yellow-car-photography-pinterest-rhpinterestcouk-chevrolet-chevrolet-camaro-cabrio-gelb-photos-informations-articles-bestcarmagcomrhbestcarmagcom-jpg%2F&amp;psig=AOvVaw0evikgbUtRh_feS4ZAPF-t&amp;ust=1550666127905404\" target=\"_blank\" rel=\"noopener\">Bumblebee<\/a>. Quel giorno ho guidato quasi 500 km con l&#8217;oceano all&#8217;orizzonte, il sole in faccia e questo disco a volume da denuncia. Mi son sentito a casa.<br \/>\nOra, lo capite il disturbo mentale di uno nato e cresciuto nel grigio dell&#8217;hinterland milanese che si sente a casa in una situazione del genere? Ecco.<br \/>\nLa storia di come sono arrivato a questo disco forse l&#8217;ho anche gi\u00e0 raccontata, non ricordo, in ogni caso la faccio breve: nel settembre 1999 vado a Bologna per il primo Independent Day festival, quello che qualcuno* pens\u00f2 potesse essere una buona idea <a href=\"https:\/\/www.manq.it\/index.php\/2017\/12\/01\/once-upon-a-time-2\/\" target=\"_blank\" rel=\"noopener\">ritrasmettere integralmente<\/a> il giorno seguente su una TV nazionale. I Lit non sapevo chi fossero, ma il loro set fu incredibile per energia e risposta del pubblico. Mi folgorarono, pur non avendo loro quasi alcun punto di contatto con l&#8217;archetipo del gruppo che in quel periodo storico potesse colpire la mia attenzione: non musicalmente, non esteticamente e nemmeno concettualmente. Eppure fu amore a prima vista.<br \/>\nOra la sparo grossa, ma credo che i Lit di <em>A Place in the Sun<\/em> siano la cosa pi\u00f9 vicina ai Beach Boys uscita dopo i Beach Boys.<\/p>\n<p style=\"text-align: justify;\">Il prossimo 23 febbraio&nbsp;<em>A Place in the Sun<\/em> compie vent&#8217;anni.&nbsp;<br \/>\nA differenza di altre volte, scriverne qui \u00e8 anche l&#8217;occasione per andarmi a vedere cosa \u00e8 successo loro negli ultimi vent&#8217;anni, visto che da allora non li ho pi\u00f9 seguiti. Sapevo che il batterista fosse morto di cancro, ma ricordavo fosse successo ben prima del 2009, quindi sbagliavo. Musicalmente non ho sentito la roba che hanno registrato dopo, a parte un paio di singoli usciti nei primi 2000, ma ho scoperto che nel 2018 hanno buttato fuori un nuovo disco dopo tanti anni. Lo sto ascoltando ora ed \u00e8 un essenzialmente un disco di Bon Jovi, ma buono. Nulla che riascolter\u00f2 mai pi\u00f9 in futuro, a grandi linee.<br \/>\nE&#8217; il 2019, siamo a Febbraio e a Milano c&#8217;\u00e8 un clima primaverile che non si spiega (beh, <a href=\"https:\/\/it.wikipedia.org\/wiki\/Riscaldamento_globale\" target=\"_blank\" rel=\"noopener\">quasi<\/a>). Per voi \u00e8 certamente una coincidenza, ma vi sbagliate, come probabilmente vi sbagliate quando vi approcciate a questo album qui. Non dovete capirlo, non dovete analizzarlo.<br \/>\nDovete solo chiudere gli occhi e alzare il volume.<\/p>\n<hr>\n<p style=\"text-align: justify;\">* Quel qualcuno \u00e8 la persona a cui penso quando mi dite che non tutti i super eroi portano un mantello, anche se in effetti non so chi sia e potrebbe tranquillamente indossare un mantello.<\/p>\n","protected":false},"excerpt":{"rendered":"<p>Ce l&#8217;avete un immaginario dello stare bene? Io s\u00ec, ma se ci penso non ha per niente a che fare con me o con la mia vita. Forse \u00e8 strano o magari capita a tutti, sta di fatto che se chiudo gli occhi e penso ad un posto felice l&#8217;immagine che ne esce \u00e8 fatta&hellip;&nbsp;<a href=\"https:\/\/www.manq.it\/index.php\/2019\/02\/19\/ventanni-di-stare-bene\/\" rel=\"bookmark\">Leggi tutto &raquo;<span class=\"screen-reader-text\">Vent&#8217;anni di stare bene<\/span><\/a><\/p>\n","protected":false},"author":1,"featured_media":0,"comment_status":"open","ping_status":"open","sticky":false,"template":"","format":"standard","meta":{"neve_meta_sidebar":"","neve_meta_container":"","neve_meta_enable_content_width":"","neve_meta_content_width":0,"neve_meta_title_alignment":"","neve_meta_author_avatar":"","neve_post_elements_order":"","neve_meta_disable_header":"","neve_meta_disable_footer":"","neve_meta_disable_title":"","footnotes":""},"categories":[35,5,24,4],"tags":[162],"class_list":["post-3253","post","type-post","status-publish","format-standard","hentry","category-concerti","category-musica","category-ricordi","category-riflessioni","tag-disco-della-vita"],"_links":{"self":[{"href":"https:\/\/www.manq.it\/index.php\/wp-json\/wp\/v2\/posts\/3253","targetHints":{"allow":["GET"]}}],"collection":[{"href":"https:\/\/www.manq.it\/index.php\/wp-json\/wp\/v2\/posts"}],"about":[{"href":"https:\/\/www.manq.it\/index.php\/wp-json\/wp\/v2\/types\/post"}],"author":[{"embeddable":true,"href":"https:\/\/www.manq.it\/index.php\/wp-json\/wp\/v2\/users\/1"}],"replies":[{"embeddable":true,"href":"https:\/\/www.manq.it\/index.php\/wp-json\/wp\/v2\/comments?post=3253"}],"version-history":[{"count":5,"href":"https:\/\/www.manq.it\/index.php\/wp-json\/wp\/v2\/posts\/3253\/revisions"}],"predecessor-version":[{"id":3261,"href":"https:\/\/www.manq.it\/index.php\/wp-json\/wp\/v2\/posts\/3253\/revisions\/3261"}],"wp:attachment":[{"href":"https:\/\/www.manq.it\/index.php\/wp-json\/wp\/v2\/media?parent=3253"}],"wp:term":[{"taxonomy":"category","embeddable":true,"href":"https:\/\/www.manq.it\/index.php\/wp-json\/wp\/v2\/categories?post=3253"},{"taxonomy":"post_tag","embeddable":true,"href":"https:\/\/www.manq.it\/index.php\/wp-json\/wp\/v2\/tags?post=3253"}],"curies":[{"name":"wp","href":"https:\/\/api.w.org\/{rel}","templated":true}]}}