{"id":346,"date":"2007-07-09T23:57:03","date_gmt":"2007-07-09T22:57:03","guid":{"rendered":"http:\/\/www.manq.it\/wordpress\/?p=346"},"modified":"2007-12-25T22:38:45","modified_gmt":"2007-12-25T21:38:45","slug":"la-posta-del-cuore","status":"publish","type":"post","link":"https:\/\/www.manq.it\/index.php\/2007\/07\/09\/la-posta-del-cuore\/","title":{"rendered":"La posta del cuore"},"content":{"rendered":"<p align=\"justify\">E&#8217; tempo di aggiornare il blog. Troppo \u00e8 passato dall&#8217;ultimo mio scritto e, se ci\u00f2 \u00e8 accaduto, \u00e8 per via di alcune questioni che prover\u00f2 a spiegare nel vano tentativo di alleggerire il peso sulla mia coscienza. Innanzi tutto gran parte della colpa va ad <a href=\"http:\/\/emofobia.splinder.com\/\">Emofobia<\/a>. Sono infatti stato risucchiato nel vortice dei suoi commenti ed ora ogni volta che ho qualche minuto libero do la precedenza a quel &#8220;blog&#8221;. Grazie alle due ragazze che hanno generato quella &#8220;comunity&#8221; ho trovato come dare libero sfogo alla mia passione per lo scontro verbale, la polemica e le provocazioni.<br \/>\nMi sto molto divertendo.<br \/>\nOk, ammetto che non sia propriamente ci\u00f2 che si pu\u00f2 definire un passatempo intelligente. Direi pi\u00f9 che \u00e8 una sorta di dipendenza la mia.<br \/>\nSono drogato.<br \/>\nMi preme riconoscere una certa correttezza nelle due autrici e in alcuni degli assidui frequentatori di quelle pagine visto che per il momento si sono dimostrati disponibili allo scambio di vedute senza cadere nella provocazione e quindi senza lasciarsi andare ad insulti. Se questo da un lato \u00e8 indubbiamente positivo, dall&#8217;altro limita parecchio il mio divertimento, privato in questo modo degli attacchi a testa bassa di chi non ha l&#8217;intelligenza per capire che alla fine \u00e8 tutto un gioco e che a nessuno viene in tasca nulla da tutto questo.<br \/>\nOggi per\u00f2 anche la mia anima sadica \u00e8 stata premiata grazie all&#8217;intervento di tal Vincent, che al colmo del priprio furore causato dal mio continuo dissentire, ha risposto qunto segue:<\/p>\n<p align=\"justify\"><em>&#8220;Manq, il TUO discorso non sta in piedi, perch\u00e8 chi ti ha mai chiesto di dire a qualcuno che \u00e8 immaturo? Ti ha mai chiesto nessuno di andare in giro a scrivere che odi emofobia? Non vedi che cos\u00ec facendo sei quello che dice di farsi i cazzi suoi e poi va in giro a sputtanare? Sei veramente un ipocrita&#8230;e poi, dai, a 26 anni con un blog nero\/rosa che usi come diario? vogliamo vedere chi \u00e8 immaturo o almeno &#8220;CHI E&#8217; UN UOMO?&#8221; Prima di andare in giro ad esprimere opinioni misere e picchiarci figure ancora pi\u00f9 misere, pensa :<\/em><\/p>\n<p align=\"justify\"><em>\u00a0A: da dove vieni;<br \/>\nB: quanti anni hai<br \/>\nC: ti sei mai chiesto se hai ancora gli &#8220;attributi&#8221; o ti sono caduti insieme al tuo buongusto?<br \/>\nD: da quanto non hai un amplesso con un essere umano femmina? <\/em><\/p>\n<p align=\"justify\"><em>Io comincerei a rispondere, se ti interessa mi dai la tua email e ti mando un modulo dal titolo:<br \/>\nIO E LA MIA SESSUALITA&#8217;: M o F?<br \/>\ne ancora:<br \/>\nQUAL&#8217;E&#8217; LA MIA ETA&#8217; MENTALE?<\/em><\/p>\n<p align=\"justify\"><em>Namaste<\/em><\/p>\n<p align=\"justify\"><em>Vincent&#8221;<\/em><\/p>\n<p align=\"justify\">Inutile dire che la mia mail gliel&#8217;ho data di corsa. Quest&#8217;uomo \u00e8 indubbiamente un genio. La parte che pi\u00f9 mi ha entusiasmato \u00e8 quella in cui mi chiede &#8220;vogliamo vedere chi \u00e8 UN UOMO?&#8221;. Avevo seriamente paura mi volesse picchiare, ma poi ho ricordato che non mi conosce e quindi mi sono tranquillizato. Adesso per\u00f2 vivo con il tarlo di sapere quale sia la mia et\u00e0 mentale, oltre che nella vergogna causata dal fatto che mi piaccia l&#8217;accostamento nero\/rosa.<br \/>\nSpero mi mandi presto i moduli.<br \/>\nComunque sia visti gli incontri che si fanno da quelle parti non mi biasimo se continuo a perderci del tempo.<br \/>\nMagari qualche vero uomo inizia a commentare anche il mio blog.<br \/>\nSperiamo.<br \/>\nL&#8217;altra ragione per cui ho avuto poco tempo per aggiornare \u00e8 che mi sono nuovamente tuffato nelle &#8220;Cronache del Ghiaccio e del Fuoco&#8221; di R.R. Martin. Sono giunto al 4\u00b0 volume, la Regina dei Draghi, dopo aver divorato letteralmente la seconda met\u00e0 del terzo. E pensare che la prima met\u00e0 mi aveva molto annoiato. Comunque sia ora sono presissimo dalle vicende dei vari casati e leggo con avidit\u00e0 pagine e pagine nell&#8217;attesa che qualcuno dei personaggi che odio venga ammazzato per mano di qualcuno di quelli che amo. Purtoppo pare che Martin abbia il gusto macabro di far andare le cose esattamente all&#8217;opposto, visto chi mi \u00e8 morto &#8220;tra le mani&#8221; a poche pagine dall&#8217;inizio del nuovo capitolo.<br \/>\nNon saranno libri di chiss\u00e0 quale spessore, ma appassionano e questo \u00e8 quanto chiedo alle mie letture. Per questo forse non mi sento adatto ad <a href=\"http:\/\/www.anobii.com\/anobi\/anobii_home.php\">aNobii<\/a>.<br \/>\nOra, neanche a dirlo, torno a leggere un po&#8217; prima di dormire.<br \/>\nMagari mentre lo faccio butto l\u00ec un ascolto al CD dei Biffy Clyro.<br \/>\nMagari per\u00f2, non vorrei distrarmi.<\/p>\n","protected":false},"excerpt":{"rendered":"<p>E&#8217; tempo di aggiornare il blog. Troppo \u00e8 passato dall&#8217;ultimo mio scritto e, se ci\u00f2 \u00e8 accaduto, \u00e8 per via di alcune questioni che prover\u00f2 a spiegare nel vano tentativo di alleggerire il peso sulla mia coscienza. Innanzi tutto gran parte della colpa va ad Emofobia. Sono infatti stato risucchiato nel vortice dei suoi commenti&hellip;&nbsp;<a href=\"https:\/\/www.manq.it\/index.php\/2007\/07\/09\/la-posta-del-cuore\/\" rel=\"bookmark\">Leggi tutto &raquo;<span class=\"screen-reader-text\">La posta del cuore<\/span><\/a><\/p>\n","protected":false},"author":1,"featured_media":0,"comment_status":"open","ping_status":"open","sticky":false,"template":"","format":"standard","meta":{"neve_meta_sidebar":"","neve_meta_container":"","neve_meta_enable_content_width":"","neve_meta_content_width":0,"neve_meta_title_alignment":"","neve_meta_author_avatar":"","neve_post_elements_order":"","neve_meta_disable_header":"","neve_meta_disable_footer":"","neve_meta_disable_title":"","footnotes":""},"categories":[12,5,4,13],"tags":[],"class_list":["post-346","post","type-post","status-publish","format-standard","hentry","category-libri","category-musica","category-riflessioni","category-web"],"_links":{"self":[{"href":"https:\/\/www.manq.it\/index.php\/wp-json\/wp\/v2\/posts\/346","targetHints":{"allow":["GET"]}}],"collection":[{"href":"https:\/\/www.manq.it\/index.php\/wp-json\/wp\/v2\/posts"}],"about":[{"href":"https:\/\/www.manq.it\/index.php\/wp-json\/wp\/v2\/types\/post"}],"author":[{"embeddable":true,"href":"https:\/\/www.manq.it\/index.php\/wp-json\/wp\/v2\/users\/1"}],"replies":[{"embeddable":true,"href":"https:\/\/www.manq.it\/index.php\/wp-json\/wp\/v2\/comments?post=346"}],"version-history":[{"count":0,"href":"https:\/\/www.manq.it\/index.php\/wp-json\/wp\/v2\/posts\/346\/revisions"}],"wp:attachment":[{"href":"https:\/\/www.manq.it\/index.php\/wp-json\/wp\/v2\/media?parent=346"}],"wp:term":[{"taxonomy":"category","embeddable":true,"href":"https:\/\/www.manq.it\/index.php\/wp-json\/wp\/v2\/categories?post=346"},{"taxonomy":"post_tag","embeddable":true,"href":"https:\/\/www.manq.it\/index.php\/wp-json\/wp\/v2\/tags?post=346"}],"curies":[{"name":"wp","href":"https:\/\/api.w.org\/{rel}","templated":true}]}}