{"id":357,"date":"2007-08-26T14:30:54","date_gmt":"2007-08-26T13:30:54","guid":{"rendered":"http:\/\/www.manq.it\/wordpress\/?p=357"},"modified":"2007-12-27T00:22:46","modified_gmt":"2007-12-26T23:22:46","slug":"e-tempo-di-bilanci","status":"publish","type":"post","link":"https:\/\/www.manq.it\/index.php\/2007\/08\/26\/e-tempo-di-bilanci\/","title":{"rendered":"E&#8217; tempo di bilanci"},"content":{"rendered":"<p align=\"justify\">Le vacanze sono finite.<br \/>\nScrivere qualcosa loro riguardo prima di riprendere il lavoro mi sembra doveroso, cercando di fare un&#8217;analisi il pi\u00f9 possibile oggettiva.<br \/>\nInizier\u00f2 col dire cosa non mi \u00e8 piaciuto della mia trasferta iberica. In primis \u00e8 durata troppo a lungo. Questa per me \u00e8 stata la prima vacanza inserita in un contesto lavorativo stabile e spero vivamente che gli anni a venire la situazione permanga questa, tuttavia diciotto giorni di viaggio sono troppi se si parte il giorno dopo aver smesso di lavorare e si rientra il giorno prima di riprendere le ostilit\u00e0. Per quanto possa essere bella, la vacanza itinerante \u00e8 tutto fuorch\u00e8 rilassante e si corre il rischio di rientrare pi\u00f9 stanchi di quando si \u00e8 partiti. Questo, ovviamente, non va bene. L&#8217;ideale sarebbe stato rientrare dopo 11 o 12 giorni al massimo perch\u00e8 mi sarei goduto di pi\u00f9 il viaggio e avrei avuto modo di riposare al rientro. Come per ogni cosa per\u00f2 l&#8217;esperienza insegna e d&#8217;ora in poi far\u00f2 quanto possibile per utilizzare i miei 15 giorni di &#8220;ferie&#8221; in maniera pi\u00f9 intelligente, spezzandoli magari in due tronconi. La seconda cosa che non mi \u00e8 piaciuta della vacanza \u00e8 stata l&#8217;Andalusia, una totale delusione. Forse \u00e8 stato anche perch\u00e8, come gi\u00e0 detto, ci sono arrivato stanco e svogliato. Forse in quelle condizioni non avrei apprezzato nulla anche in altri contesti, tuttavia dialogando con i miei compagni di viaggio il dubbio che molto della delusione sia effettivamente imputabile alla regione spagnola resta. Terza ed ultima cosa che non rientra nei canoni del mio gradimento \u00e8 l&#8217;approccio alla vacanza che abbiamo utilizzato. Partire senza un minimo di idea su cosa fare, dove andare e come organizzarsi brucia molte possibilit\u00e0, soprattutto se non si ha nel proprio DNA lo spirito dell&#8217;avventura e dell&#8217;adattamento, cercando sempre e comunque livelli di comfort non indispensabili. Questo per\u00f2 \u00e8 pi\u00f9 che altro un parere personale che si \u00e8 rivelato non condiviso dal resto dell&#8217;entourage ed avendo io deciso di andare via con un gruppo di persone \u00e8 giusto che mi sia adattato all&#8217;opinione comune. Alla fine, bilanci economici alla mano, non \u00e8 neppure andata cos\u00ec male e quindi pi\u00f9 che una lamentela questa vuole essere una semplice considerazione.<br \/>\nDetto questo posso tranquillamente affermare che la vacanza, analizzata nel suo insieme, \u00e8 risultata assolutamente positiva sia per quanto visto (ovviamente Andalusia esclusa), sia per i compagni di viaggio. Dopo il rimpianto del non poter essere partito l&#8217;anno scorso per gli States, tenevo molto a farmi un viaggio con i miei amici. Sentivo come se servisse a chiudere un ciclo che per molti anni della mia vita ha caratterizzato le mie estati. Non so cosa sar\u00e0 l&#8217;anno prossimo, o quelli ancora dopo, tuttavia credo sia difficile ricapiti l&#8217;occasione di viaggiare insieme per 18 giorni ed \u00e8 bello essermi tolto la soddisfazione di farlo quest&#8217;anno. Con questo non voglio dire che non partir\u00f2 pi\u00f9 insieme a loro, spero ricapiti tante altre volte, ma credo che tempistiche e modalit\u00e0 non saranno pi\u00f9 le stesse.<br \/>\nBene, prima di concludere con l&#8217;immancabile pagellone della vacanza mi prendo ancora qualche riga per parlare di fotografia e di compilation estive. Riguardo il primo ambito devo dire di non essere molto soddisfatto della mia produzione iberica. Nel tentativo di smanettare con esposizione, messa a fuoco e quant&#8217;altro ho prodotto pochi scatti che realmente mi piacciono. Ho messo <a href=\"http:\/\/www.manq.it\/wordpress\/wp-content\/uploads\/iberia\/index.html\">online<\/a> diciotto foto, aggiunte all&#8217;archivio con la solita modalit\u00e0, e di queste solo alcune penso siano venute bene. Le altre le ho inserite pi\u00f9 che altro per completezza. Resta il grosso rammarico di aver perso un&#8217;intera giornata di scatti fatti a Toledo, unica citt\u00e0 della Spagna ad avermi emozionato, a causa di un non ben precisato problema con l&#8217;SD.<br \/>\nPeccato.<br \/>\nSul fronte compilation invece sono molto soddisfatto del <a href=\"http:\/\/www.manq.it\/Blog\/Climax.html\">mio ultimo prodotto<\/a>. Suona bene e rispecchia appieno l&#8217;idea che avevo in testa, forse per la prima volta da che mi cimento con la produzione di selezioni musicali. Con Climax sono tre le compilation che ho creato, per la quarta ci sar\u00e0 tempo e modo pi\u00f9 avanti.<br \/>\nOk, vado con il pagellone della vacanza:<br \/>\n<strong>Voto 10.<\/strong><br \/>\nAllo Scudo. Perch\u00e8 ci ha tenuti uniti durante la vacanza, perch\u00e8 ci salutava tutti i giorni, perch\u00e8 riusciva a far arrivare in orario Missa, perch\u00e8 era buono e disponibile e perch\u00e8 nessuno a parte me e Max ha mai provato a farlo sentire a suo agio tra noi, sempre messo in rivalit\u00e0 con un Explorer che non ha mai nemmeno conosciuto. <strong>Eroe<\/strong>.<br \/>\n<strong>Voto 9.<\/strong><br \/>\nAi gibboni. Veri o di peluches non fa differenza, sono sicuramente stati una delle cose pi\u00f9 belle che ho visto, con la loro aria intellettuale e sprizzante la superiorit\u00e0 di chi sa di avere il reale dominio di Gibilterra. <strong>Aristocratici.<\/strong><br \/>\n<strong>Voto 8.<\/strong><br \/>\nAl Docks Club di Lisbona. L&#8217;unico locale che mi ha soddisfatto durante la trasferta, facendomi ballare per tutta la notte. Bella gente, bella musica e bel posto. <strong>Vida Loca<\/strong>.<br \/>\n<strong>Voto 7.<\/strong><br \/>\nA Max. Oltre al fatto che dopo moltissimi anni \u00e8 tornato in vacanza con noi gli va riconosciuto un impegno immenso profuso nel tentativo di apprendere il dialetto milanese. Sforzi che l&#8217;hanno portato ad una discreta padronanza della lingua. <strong>Volenteroso<\/strong>.<br \/>\n<strong>Voto 6.<\/strong><br \/>\nAl Portogallo. Per le citt\u00e0 ed i posti visitati avrebbe potuto ambire anche ad una posizione pi\u00f9 alta in classifica, ma la presenza dei portoghesi e della sporcizia ne hanno compromesso la valutazione. <strong>Trascurato<\/strong>.<br \/>\n<strong>Voto 5.<\/strong><br \/>\nAlla filosofia Zen. Sebbene io stesso sono stato promotore dell&#8217;autoregolazione sul linguaggio colorito tenuto in pubblico, gli estremisti con cui viaggiavo hanno portato un buon proposito a diventare un&#8217;asfissiante oppressione che non pu\u00f2 che essere osteggiata. <strong>Eccessiva<\/strong>.<br \/>\n<strong>Voto 4.<\/strong><br \/>\nAlla Spagna. La bellezza di Toledo e dintorni non basta a sopperire al brutto degli altri posti visitati. Se ci si aggiunge che su quattro paelle mangiate, tre si siano rivelate orribili e che ho bevuto la sangria solo due volte in 10 giorni, beh, si spiega la valutazione. <strong>Delusione<\/strong>.<br \/>\n<strong>Voto 3.<\/strong><br \/>\nA S.Miguel. Si \u00e8 spacciata per mesi come sponsor ufficiale della vacanza e poi, una volta sul posto, non si \u00e8 mai fatta trovare. Fortunatamente Super Bock e Cruzcampo hanno preferito i fatti alle parole e ci hanno sostenuto. <strong>Latitante<\/strong>.<br \/>\n<strong>Voto 2.<\/strong><br \/>\nA Sintra. Questo posto avrebbe sicuramente meritato un voto ancora pi\u00f9 basso, ma mi \u00e8 risultato impossibile scalzare dall&#8217;1 e dallo zero ci\u00f2 che seguir\u00e0. Ci\u00f2 non toglie che Sintra sia inguardabile, che le sue attrattive (tutte rigorosamente a pagamento) siano pessime e che ci\u00f2 non bastasse ho rischiato di impazzire sotto i colpi del pifferaio maledetto che ci ha suonato attorno per due ore, con la bava che gli colava dall&#8217;estremit\u00e0 inferiore del flauto. <strong>Censurabile<\/strong>.<br \/>\n<strong>Voto 1.<\/strong><br \/>\nA Romao. Emblema del livello della cucina portoghese e dei lati negativi del Portogallo previa menzionati. Per chiarire, dietro al tavolo cui eravamo seduti per cenare, era situato il bagno. <a href=\"http:\/\/www.manq.it\/wordpress\/wp-content\/uploads\/Romao.jpg\">A vista<\/a>. E questo \u00e8 niente in confronto alla zuppa che mi hanno servito. <strong>Disgustoso<\/strong>.<br \/>\n<strong>Voto 0.<\/strong><br \/>\nAl Real Alcazar di Siviglia. Ogni commento \u00e8 superfluo. <strong>Una merda<\/strong>.<\/p>\n<p align=\"justify\">Ok, con questo \u00e8 proprio giunto il momento di chiudere. Prossimamente penso scriver\u00f2 qualcosa riguardo a tutti i dischi che ho ascoltato di recente, perch\u00e8 sono tanti ed alcuni meritano di essere commentati.<br \/>\nOra mi faccio un sognetto.<\/p>\n","protected":false},"excerpt":{"rendered":"<p>Le vacanze sono finite. Scrivere qualcosa loro riguardo prima di riprendere il lavoro mi sembra doveroso, cercando di fare un&#8217;analisi il pi\u00f9 possibile oggettiva. Inizier\u00f2 col dire cosa non mi \u00e8 piaciuto della mia trasferta iberica. In primis \u00e8 durata troppo a lungo. Questa per me \u00e8 stata la prima vacanza inserita in un contesto&hellip;&nbsp;<a href=\"https:\/\/www.manq.it\/index.php\/2007\/08\/26\/e-tempo-di-bilanci\/\" rel=\"bookmark\">Leggi tutto &raquo;<span class=\"screen-reader-text\">E&#8217; tempo di bilanci<\/span><\/a><\/p>\n","protected":false},"author":1,"featured_media":0,"comment_status":"open","ping_status":"open","sticky":false,"template":"","format":"standard","meta":{"neve_meta_sidebar":"","neve_meta_container":"","neve_meta_enable_content_width":"","neve_meta_content_width":0,"neve_meta_title_alignment":"","neve_meta_author_avatar":"","neve_post_elements_order":"","neve_meta_disable_header":"","neve_meta_disable_footer":"","neve_meta_disable_title":"","footnotes":""},"categories":[10],"tags":[],"class_list":["post-357","post","type-post","status-publish","format-standard","hentry","category-viaggi"],"_links":{"self":[{"href":"https:\/\/www.manq.it\/index.php\/wp-json\/wp\/v2\/posts\/357","targetHints":{"allow":["GET"]}}],"collection":[{"href":"https:\/\/www.manq.it\/index.php\/wp-json\/wp\/v2\/posts"}],"about":[{"href":"https:\/\/www.manq.it\/index.php\/wp-json\/wp\/v2\/types\/post"}],"author":[{"embeddable":true,"href":"https:\/\/www.manq.it\/index.php\/wp-json\/wp\/v2\/users\/1"}],"replies":[{"embeddable":true,"href":"https:\/\/www.manq.it\/index.php\/wp-json\/wp\/v2\/comments?post=357"}],"version-history":[{"count":0,"href":"https:\/\/www.manq.it\/index.php\/wp-json\/wp\/v2\/posts\/357\/revisions"}],"wp:attachment":[{"href":"https:\/\/www.manq.it\/index.php\/wp-json\/wp\/v2\/media?parent=357"}],"wp:term":[{"taxonomy":"category","embeddable":true,"href":"https:\/\/www.manq.it\/index.php\/wp-json\/wp\/v2\/categories?post=357"},{"taxonomy":"post_tag","embeddable":true,"href":"https:\/\/www.manq.it\/index.php\/wp-json\/wp\/v2\/tags?post=357"}],"curies":[{"name":"wp","href":"https:\/\/api.w.org\/{rel}","templated":true}]}}