{"id":3633,"date":"2020-03-20T22:02:27","date_gmt":"2020-03-20T21:02:27","guid":{"rendered":"https:\/\/www.manq.it\/?p=3633"},"modified":"2020-03-20T22:06:09","modified_gmt":"2020-03-20T21:06:09","slug":"diario-dallisolamento-day-13","status":"publish","type":"post","link":"https:\/\/www.manq.it\/index.php\/2020\/03\/20\/diario-dallisolamento-day-13\/","title":{"rendered":"Diario dall&#8217;isolamento: day 13"},"content":{"rendered":"<p align=\"justify\">Oggi Paola canticchiava una canzone in cucina, mi pare fosse &#8220;Nostalgia canaglia&#8221; (no questions, please). Giorgio l&#8217;ha ascoltata un po&#8217; e poi le ha detto: &#8220;Mamma, ma questa \u00e8 una canzone triste&#8221; ed \u00e8 scoppiato a piangere facendo l&#8217;elenco delle persone che gli mancano. Ha avuto il suo crollo, poverino.<br \/>\nGli \u00e8 passato, abbiamo giocato a pallone e fatto una torta. Questa sera ha detto che \u00e8 bello essere una famiglia e credo che abbia ragione.<\/p>\n<p align=\"justify\">Intorno a me vedo le persone perdere lucidit\u00e0 e radicalizzarsi. Ognuno ha il suo nemico, dai runners alle aziende che non chiudono, e un po&#8217; sono felice qui non si vendano armi facilmente perch\u00e9 la tenuta mentale a met\u00e0 percorso (restando allineati alla deadline super ottimista del 3 Aprile) spaventa ormai pi\u00f9 dell&#8217;epidemia.<br \/>\nServono notizie positive, ma serve anche rendersi conto che dobbiamo restare uniti e uscire dalla mentalit\u00e0 di merda di chi cerca un colpevole invece che una soluzione.<\/p>\n<p align=\"justify\">Stiamo al punto in cui rileggo al volo i capitoli prima per paura di scrivere le stesse cose.<br \/>\n\u00c8 tipo il giorno della marmotta.<\/p>\n<p><iframe loading=\"lazy\" width=\"700\" height=\"395\" src=\"https:\/\/www.youtube.com\/embed\/j0Dd8X9oUhU\" frameborder=\"0\" allow=\"accelerometer; autoplay; encrypted-media; gyroscope; picture-in-picture\" allowfullscreen><\/iframe><\/p>\n","protected":false},"excerpt":{"rendered":"<p>Oggi Paola canticchiava una canzone in cucina, mi pare fosse &#8220;Nostalgia canaglia&#8221; (no questions, please). Giorgio l&#8217;ha ascoltata un po&#8217; e poi le ha detto: &#8220;Mamma, ma questa \u00e8 una canzone triste&#8221; ed \u00e8 scoppiato a piangere facendo l&#8217;elenco delle persone che gli mancano. Ha avuto il suo crollo, poverino. Gli \u00e8 passato, abbiamo giocato&hellip;&nbsp;<a href=\"https:\/\/www.manq.it\/index.php\/2020\/03\/20\/diario-dallisolamento-day-13\/\" rel=\"bookmark\">Leggi tutto &raquo;<span class=\"screen-reader-text\">Diario dall&#8217;isolamento: day 13<\/span><\/a><\/p>\n","protected":false},"author":1,"featured_media":0,"comment_status":"open","ping_status":"open","sticky":false,"template":"","format":"standard","meta":{"neve_meta_sidebar":"","neve_meta_container":"","neve_meta_enable_content_width":"","neve_meta_content_width":0,"neve_meta_title_alignment":"","neve_meta_author_avatar":"","neve_post_elements_order":"","neve_meta_disable_header":"","neve_meta_disable_footer":"","neve_meta_disable_title":"","footnotes":""},"categories":[165,43,23],"tags":[],"class_list":["post-3633","post","type-post","status-publish","format-standard","hentry","category-diario-dallisolamento","category-litalia-e-una-merda-ma","category-racconti"],"_links":{"self":[{"href":"https:\/\/www.manq.it\/index.php\/wp-json\/wp\/v2\/posts\/3633","targetHints":{"allow":["GET"]}}],"collection":[{"href":"https:\/\/www.manq.it\/index.php\/wp-json\/wp\/v2\/posts"}],"about":[{"href":"https:\/\/www.manq.it\/index.php\/wp-json\/wp\/v2\/types\/post"}],"author":[{"embeddable":true,"href":"https:\/\/www.manq.it\/index.php\/wp-json\/wp\/v2\/users\/1"}],"replies":[{"embeddable":true,"href":"https:\/\/www.manq.it\/index.php\/wp-json\/wp\/v2\/comments?post=3633"}],"version-history":[{"count":3,"href":"https:\/\/www.manq.it\/index.php\/wp-json\/wp\/v2\/posts\/3633\/revisions"}],"predecessor-version":[{"id":3636,"href":"https:\/\/www.manq.it\/index.php\/wp-json\/wp\/v2\/posts\/3633\/revisions\/3636"}],"wp:attachment":[{"href":"https:\/\/www.manq.it\/index.php\/wp-json\/wp\/v2\/media?parent=3633"}],"wp:term":[{"taxonomy":"category","embeddable":true,"href":"https:\/\/www.manq.it\/index.php\/wp-json\/wp\/v2\/categories?post=3633"},{"taxonomy":"post_tag","embeddable":true,"href":"https:\/\/www.manq.it\/index.php\/wp-json\/wp\/v2\/tags?post=3633"}],"curies":[{"name":"wp","href":"https:\/\/api.w.org\/{rel}","templated":true}]}}