{"id":408,"date":"2008-02-09T22:06:28","date_gmt":"2008-02-09T21:06:28","guid":{"rendered":"http:\/\/www.manq.it\/?p=408"},"modified":"2008-02-10T21:39:07","modified_gmt":"2008-02-10T20:39:07","slug":"interni-ed-esterne","status":"publish","type":"post","link":"https:\/\/www.manq.it\/index.php\/2008\/02\/09\/interni-ed-esterne\/","title":{"rendered":"Interni ed esterne"},"content":{"rendered":"<p align=\"justify\">Mi sto dando alla sistemazione di casa.<br \/>\nOggi sono andato ritirare gli ultimi accessori da bagno ancora mancanti: la mensola, i due porta asciugamani ed il porta carta igienica. Non ho ancora ben capito quando, ma vedr\u00f2 di installarli a breve cos\u00ec da chiudere la questione toilette una volta per tutte.<br \/>\nFatto questo sono andato a verificare i progressi del mio salotto dal mio mobiliere di fiducia. Il divano dovrebbe essere in arrivo, mentre per quanto riguarda il preventivo della libreria e dell&#8217;eventuale mobile TV ancora non ho avuto notizie.<br \/>\nIn settimana mi sono reso conto che dovr\u00f2 assolutamente avere una televisione, e quindi un mobile ove appoggiarla, prima di Giugno.<br \/>\nA Giugno ci sono gli Europei, cosa che ho erroneamente omesso di valutare al momento di attribuire le priorit\u00e0 dell&#8217;arredamento.<br \/>\nOccore rimediare alla svelta.<br \/>\nDulcis in fundo, ho quasi ultimato l&#8217;allestimento delle prime due decorazioni da parete che affigger\u00f2 in casa. La prima \u00e8 stata ultimata oggi e prender\u00e0 posto all&#8217;ingresso, sopra il calorifero.<br \/>\nLa seconda \u00e8 ancora in fase embrionale, anche e soprattutto a causa del fatto che fino a quando non avr\u00f2 chiaro come sar\u00e0 allestito il mio salotto non ho idea di dove collocarla.<br \/>\nIl <a href=\"http:\/\/www.manq.it\/?p=398\">DVD<\/a> comunque \u00e8 arrivato ed \u00e8 pronto ad essere incorniciato.<br \/>\nSono un po&#8217; cotto.<br \/>\nUltimamente non sto riposando moltissimo e questo mi priva dell&#8217;energia necessaria a vivere, tuttavia grazie ad alcuni colleghi caparbi che mi tengono costantemente sulla corda (Paola huber alles), sto comunque cercando di uscire di casa.<br \/>\nFare cose e vedere gente.<br \/>\nSoprattutto fare cose.<br \/>\nSta sera non so cosa mi riserver\u00e0 il destino, ho appena paccato una serata al Magnolia ed una festa di carnevale nel condominio di Elena.<br \/>\nVa bene uscire, ma proprio non potrei farcela a reggere nessuna delle due situazioni.<br \/>\nOggi pomeriggio sono stato al funerale del mio proff di italiano del liceo ed \u00e8 stato strano. Strano rivedere molti miei ex compagni, strano sapere che gran parte dei miei ex professori non se la passa propriamente bene, strano ritrovarsi a pensare se fosse giusto o meno andare al funerale di un docente con cui ho condiviso un rapporto di onesta indifferenza lungo tre anni. Ora come ora tuttavia sono contento di aver scelto di andarci.<br \/>\nOggi \u00e8 stato anche il pomeriggio della terza sessione di prove per il matrimonio di Carlo. E&#8217; tornato Orifizio e quindi io sono tornato a non fare supergi\u00f9 nulla, cosa che alleggerisce un po&#8217; il divertimento di andare in sala. Non troppo per\u00f2, perch\u00e8 alla fine si ride sempre un sacco.<br \/>\nOltretutto oggi ho contattato il primo plausibile offerente di lezioni di batteria.<br \/>\nSo di non essere molto credibile, ma penso proprio di iniziare.<br \/>\nE&#8217; ora di mettersi in gioco.<\/p>\n","protected":false},"excerpt":{"rendered":"<p>Mi sto dando alla sistemazione di casa. Oggi sono andato ritirare gli ultimi accessori da bagno ancora mancanti: la mensola, i due porta asciugamani ed il porta carta igienica. Non ho ancora ben capito quando, ma vedr\u00f2 di installarli a breve cos\u00ec da chiudere la questione toilette una volta per tutte. Fatto questo sono andato&hellip;&nbsp;<a href=\"https:\/\/www.manq.it\/index.php\/2008\/02\/09\/interni-ed-esterne\/\" rel=\"bookmark\">Leggi tutto &raquo;<span class=\"screen-reader-text\">Interni ed esterne<\/span><\/a><\/p>\n","protected":false},"author":1,"featured_media":0,"comment_status":"open","ping_status":"open","sticky":false,"template":"","format":"standard","meta":{"neve_meta_sidebar":"","neve_meta_container":"","neve_meta_enable_content_width":"","neve_meta_content_width":0,"neve_meta_title_alignment":"","neve_meta_author_avatar":"","neve_post_elements_order":"","neve_meta_disable_header":"","neve_meta_disable_footer":"","neve_meta_disable_title":"","footnotes":""},"categories":[21,17,5,4],"tags":[],"class_list":["post-408","post","type-post","status-publish","format-standard","hentry","category-amici","category-arredamento","category-musica","category-riflessioni"],"_links":{"self":[{"href":"https:\/\/www.manq.it\/index.php\/wp-json\/wp\/v2\/posts\/408","targetHints":{"allow":["GET"]}}],"collection":[{"href":"https:\/\/www.manq.it\/index.php\/wp-json\/wp\/v2\/posts"}],"about":[{"href":"https:\/\/www.manq.it\/index.php\/wp-json\/wp\/v2\/types\/post"}],"author":[{"embeddable":true,"href":"https:\/\/www.manq.it\/index.php\/wp-json\/wp\/v2\/users\/1"}],"replies":[{"embeddable":true,"href":"https:\/\/www.manq.it\/index.php\/wp-json\/wp\/v2\/comments?post=408"}],"version-history":[{"count":0,"href":"https:\/\/www.manq.it\/index.php\/wp-json\/wp\/v2\/posts\/408\/revisions"}],"wp:attachment":[{"href":"https:\/\/www.manq.it\/index.php\/wp-json\/wp\/v2\/media?parent=408"}],"wp:term":[{"taxonomy":"category","embeddable":true,"href":"https:\/\/www.manq.it\/index.php\/wp-json\/wp\/v2\/categories?post=408"},{"taxonomy":"post_tag","embeddable":true,"href":"https:\/\/www.manq.it\/index.php\/wp-json\/wp\/v2\/tags?post=408"}],"curies":[{"name":"wp","href":"https:\/\/api.w.org\/{rel}","templated":true}]}}