{"id":4112,"date":"2021-02-28T03:36:28","date_gmt":"2021-02-28T02:36:28","guid":{"rendered":"https:\/\/www.manq.it\/?p=4112"},"modified":"2021-03-01T11:51:08","modified_gmt":"2021-03-01T10:51:08","slug":"ultimoconcerto","status":"publish","type":"post","link":"https:\/\/www.manq.it\/index.php\/2021\/02\/28\/ultimoconcerto\/","title":{"rendered":"#UltimoConcerto"},"content":{"rendered":"<p style=\"text-align: justify;\">C&#8217;\u00e8 stato <a href=\"https:\/\/www.ultimoconcerto.it\/\" target=\"_blank\" rel=\"noopener\">#UltimoConcerto<\/a>.<br \/>\nTantissimi artisti e live club italiani si sono messi insieme per organizzare un evento volto a sensibilizzare tutti verso la crisi del settore della musica dal vivo, di fatto fermo da un anno.<br \/>\nL&#8217;idea \u00e8 stata di promuovere un concerto che non c&#8217;\u00e8 stato, sostituito da un silenzio il cui scopo era far prendere coscienza che la situazione \u00e8 grave e non \u00e8 sostenibile.<br \/>\nQui il messaggio.<\/p>\n<p><img decoding=\"async\" title=\"Palo!\" src=\"http:\/\/www.manq.it\/wordpress\/wp-content\/uploads\/ultimoconcerto.jpg\" width=\"700\"><\/p>\n<p style=\"text-align: justify;\">Sul messaggio non c&#8217;\u00e8 da discutere.<br \/>\nPer il momento sorvolerei anche sul fatto che della questione principale si sia parlato si e no 10 minuti, per poi finire alla classica attribuzione di patentini da parte di questa o quell&#8217;autorit\u00e0 competente nel campo del saper vivere. Patentini che non mi interessava avere quando ci si poteva scopare, immaginiamoci ora. Dico per il momento perch\u00e8 sono livoroso e potrei tornarci su dopo, anche se vorrei provare a stare sul pezzo dell&#8217;iniziativa e del tiro che le hanno dato.<br \/>\nIl settore musica dal vivo \u00e8 fermo da un anno e a farne le spese sono soprattutto le realt\u00e0 pi\u00f9 piccole: artisti che campano di canzoni senza esserci diventati ricchi, maestranze, locali.<br \/>\nUn settore che per la maggior parte dell&#8217;opinione pubblica non esiste, un settore che la politica sta deliberatamente ignorando e che, nel bene e nel male, pu\u00f2 contare del supporto di una piccola parte di popolazione che con #UltimoConcerto era stata chiamata a contribuire. Alcuni, dopo averlo fatto, hanno ritenuto l&#8217;iniziativa mal riuscita\/formulata.<br \/>\nLe questioni a questo punto sono due.<br \/>\n1) Davvero chi ha deciso di partecipare a questa iniziativa aveva bisogno di realizzare che da un anno i concerti sono fermi? Non stiamo parlando di Sanremo, il cui pubblico \u00e8 composto anche da tantissime persone che con la musica entrano in contatto giusto una settimana l&#8217;anno perch\u00e8 se la ritrovano su Rai1. Quello s\u00ec che pu\u00f2 essere un pubblico inconsapevole, da sensibilizzare, non quello che si \u00e8 connesso &#8216;sta sera per supportare il Bloom di Mezzago o i Gazebo Penguins. Per questo sono tra le persone che reputano l&#8217;iniziativa fuori fuoco, ma posso tranquillamente sbagliarmi, il che ci porta diretti al punto<br \/>\n2) Giusto o sbagliato che sia il punto di vista di chi ha partecipato e si \u00e8 preso male, siamo sicuri sia stata una bella mossa tirarsi contro una parte della gi\u00e0 esigua porzione di popolazione a cui fregava qualcosa del discorso iniziale?<br \/>\nMagari questa operazione far\u00e0 il botto e dar\u00e0 la sveglia a chi di dovere, risolvendo il problema (non ci credo manco un po&#8217;, ma sarei felicissimo di sbagliarmi), ma ipotizziamo non sia cos\u00ec. Immaginiamo sia necessario continuare a parlare del problema, tenere viva la questione e fare sempre pi\u00f9 rumore.<br \/>\nAlla prossima convocazione ci sar\u00e0 pi\u00f9 o meno gente?&nbsp;<\/p>\n<p style=\"text-align: justify;\">Giorni fa quando ho iniziato a sentir parlare di questa cosa dell&#8217;ultimo concerto ho provato ad informarmi su twitter.<br \/>\nLa <a href=\"https:\/\/twitter.com\/DrManq\/status\/1361993199418544128?s=20\" target=\"_blank\" rel=\"noopener\">prima domanda<\/a> \u00e8 stata: &#8220;Ok, come posso supportare? Posso pagare un biglietto?&#8221; e questo perch\u00e8 mi \u00e8 sembrato naturale pensare che per fare qualcosa che desse una mano, una buona idea fosse anche contribuire economicamente.<br \/>\nForse \u00e8 anche per quello che mi \u00e8 venuta la bestemmite a leggere tutti i pistolotti rivolti a chi si lamentava perch\u00e8 &#8220;Eh, pensavi di vederti il tuo bel concertino gratuito e invece suchi perch\u00e8 la musica si paga e qui c&#8217;\u00e8 gente che non sta lavorando etc&#8230;&#8221;. Per carit\u00e0, \u00e8 ovvio che interessata ci fosse anche gente del genere, ma mi pare un po&#8217; paraculo scegliere di fare questa cosa gratuitamente per poi rigirare il fatto che fosse gratuita come argomentazione trasversale contro chiunque si stesse lamentando.<br \/>\nA sto punto fallo comunque a pagamento, cazzo.<br \/>\nOgnuno degli iscritti versa il contributo al locale\/gruppo che vuole supportare via paypal. Offerta libera, cos\u00ec non ti perdi il volume delle persone che hanno partecipato solo perch\u00e8 era gratis.<br \/>\nAlla fine fai la stessa identica cosa, ma dici anche: &#8220;Ehi, se vuoi il rimborso chiedilo, ma se vuoi dare una mano e hai capito il senso di tutto questo, lasciaci i soldi&#8221;. Non lo so, almeno sarebbe servito a qualcosa oltre il far scannare tra loro persone che, magari in modi diversi, hanno fatto s\u00ec che servisse una pandemia per far chiudere i locali di musica dal vivo e non l&#8217;assenza di mercato.<br \/>\nFare qualcosa di concreto, di utile.<br \/>\nFelson l&#8217;ha spiegato molto meglio di me in questo tweet.<\/p>\n<blockquote class=\"twitter-tweet\" data-conversation=\"none\">\n<p dir=\"ltr\" lang=\"it\">Le persone deluse purtoppo non risolvono la situazione di un mondo musicale in crisi totale. A meno che non dai loro la possibilit\u00e0 di aiutarti o spieghi loro come fare per supportarti in modo pratico. Cosa che non \u00e8 stata fatta con questa iniziativa.<\/p>\n<p>\u2014 Felson (@Felson) <a href=\"https:\/\/twitter.com\/Felson\/status\/1365787074390073344?ref_src=twsrc%5Etfw\">February 27, 2021<\/a><\/p><\/blockquote>\n<p><script async=\"\" src=\"https:\/\/platform.twitter.com\/widgets.js\" charset=\"utf-8\"><\/script><\/p>\n<p style=\"text-align: justify;\">Bon, questo \u00e8.<br \/>\nL&#8217;altro giorno leggevo <a href=\"https:\/\/www.ilgiorno.it\/notizie\/unannodicovid\/covid-intervista-concerti-1.5999470?fbclid=IwAR2dmD5eO27gbBbt772C-LGGfF-Po7rsS0vQ7oG267QqNBBSkWZkNsLwMaM\" target=\"_blank\" rel=\"noopener\">una bella intervista<\/a> di Kappa che tra i problemi lamentava anche la mancata coesione all&#8217;interno di quel mondo in crisi, che ha portato come sempre accade ad una riduzione del potere di farsi ascoltare. Lo stesso Kappa, neanche due settimane dopo, \u00e8 tra quelli che da dentro #UltimoConcerto ha <a href=\"https:\/\/www.facebook.com\/alfredo.cappello\/posts\/10157563679087680\" target=\"_blank\" rel=\"noopener\">risposto<\/a> in maniera pi\u00f9 violenta alle lamentele di chi, in ogni caso, invece di guardarsi la Juve o attaccarsi a Netflix aveva pensato di supportare un&#8217;iniziativa pro settore musica.<br \/>\nE allora boh, capisco che quando le cose buttano male saltino i nervi, capisco che alla fine se tutti ti ignorano e devi sfogare la frustrazione, finisci ad accanirti con chi ti stava dando retta, ma non nel modo in cui avresti voluto.<br \/>\nCapisco tutto e tutti.<br \/>\nPer\u00f2, per me, cos\u00ec non se ne esce.<br \/>\nNon dico migliori, intendo proprio in piedi e respiranti.<\/p>\n","protected":false},"excerpt":{"rendered":"<p>C&#8217;\u00e8 stato #UltimoConcerto. Tantissimi artisti e live club italiani si sono messi insieme per organizzare un evento volto a sensibilizzare tutti verso la crisi del settore della musica dal vivo, di fatto fermo da un anno. L&#8217;idea \u00e8 stata di promuovere un concerto che non c&#8217;\u00e8 stato, sostituito da un silenzio il cui scopo era&hellip;&nbsp;<a href=\"https:\/\/www.manq.it\/index.php\/2021\/02\/28\/ultimoconcerto\/\" rel=\"bookmark\">Leggi tutto &raquo;<span class=\"screen-reader-text\">#UltimoConcerto<\/span><\/a><\/p>\n","protected":false},"author":1,"featured_media":0,"comment_status":"open","ping_status":"open","sticky":false,"template":"","format":"standard","meta":{"neve_meta_sidebar":"","neve_meta_container":"","neve_meta_enable_content_width":"","neve_meta_content_width":0,"neve_meta_title_alignment":"","neve_meta_author_avatar":"","neve_post_elements_order":"","neve_meta_disable_header":"","neve_meta_disable_footer":"","neve_meta_disable_title":"","footnotes":""},"categories":[35,44,5,18,4,13],"tags":[],"class_list":["post-4112","post","type-post","status-publish","format-standard","hentry","category-concerti","category-litalia-e-una-merda","category-musica","category-politica","category-riflessioni","category-web"],"_links":{"self":[{"href":"https:\/\/www.manq.it\/index.php\/wp-json\/wp\/v2\/posts\/4112","targetHints":{"allow":["GET"]}}],"collection":[{"href":"https:\/\/www.manq.it\/index.php\/wp-json\/wp\/v2\/posts"}],"about":[{"href":"https:\/\/www.manq.it\/index.php\/wp-json\/wp\/v2\/types\/post"}],"author":[{"embeddable":true,"href":"https:\/\/www.manq.it\/index.php\/wp-json\/wp\/v2\/users\/1"}],"replies":[{"embeddable":true,"href":"https:\/\/www.manq.it\/index.php\/wp-json\/wp\/v2\/comments?post=4112"}],"version-history":[{"count":9,"href":"https:\/\/www.manq.it\/index.php\/wp-json\/wp\/v2\/posts\/4112\/revisions"}],"predecessor-version":[{"id":4121,"href":"https:\/\/www.manq.it\/index.php\/wp-json\/wp\/v2\/posts\/4112\/revisions\/4121"}],"wp:attachment":[{"href":"https:\/\/www.manq.it\/index.php\/wp-json\/wp\/v2\/media?parent=4112"}],"wp:term":[{"taxonomy":"category","embeddable":true,"href":"https:\/\/www.manq.it\/index.php\/wp-json\/wp\/v2\/categories?post=4112"},{"taxonomy":"post_tag","embeddable":true,"href":"https:\/\/www.manq.it\/index.php\/wp-json\/wp\/v2\/tags?post=4112"}],"curies":[{"name":"wp","href":"https:\/\/api.w.org\/{rel}","templated":true}]}}