{"id":4315,"date":"2021-10-11T09:52:27","date_gmt":"2021-10-11T07:52:27","guid":{"rendered":"https:\/\/www.manq.it\/?p=4315"},"modified":"2021-10-11T09:52:27","modified_gmt":"2021-10-11T07:52:27","slug":"prossimi-concerti-una-chiacchierata-con-valeria","status":"publish","type":"post","link":"https:\/\/www.manq.it\/index.php\/2021\/10\/11\/prossimi-concerti-una-chiacchierata-con-valeria\/","title":{"rendered":"Prossimi concerti: una chiacchierata con Valeria"},"content":{"rendered":"<p style=\"text-align: justify;\">Oggi, 10 Ottobre 2021 per chi leggesse in differita, \u00e8 il giorno della <a href=\"https:\/\/tg24.sky.it\/cronaca\/2021\/09\/25\/concerti-green-pass-capienza-mascherina\" target=\"_blank\" rel=\"noopener\">riapertura dei concerti<\/a>. Sono passati infatti ormai quasi due anni da quando il Covid19 ha ribaltato le vite e la societ\u00e0 in cui viviamo e una delle vittime pi\u00f9 martoriate \u00e8 stata la musica dal vivo.<br \/>\nDa qualche settimana rimugino sull&#8217;argomento in vari modi, ma alla fine ho pensato che il prodotto della mia tastiera sarebbe al pi\u00f9 potuta essere una spataffiata livorosa e inutile che avrebbe tirato in mezzo gli stadi e i <a href=\"https:\/\/www.repubblica.it\/spettacoli\/musica\/2021\/09\/23\/news\/il_tour_elettorale_di_conte_sta_facendo_infuriare_i_cantanti-319036045\/\" target=\"_blank\" rel=\"noopener\">comizi di Conte<\/a>, ma che di fatto avrebbe aggiunto zero al dibattito poich\u00e8 farina del sacco di uno che ai concerti, al massimo, ci va quando riesce a piazzare i figli da qualche parte. Ho quindi pensato fosse pi\u00f9 interessante fare qualche domanda a chi coi concerti ci lavora e nella musica dal vivo ci sbatte tutto il proprio sangue, cos\u00ec ho scritto alla Vale facendole un paio di domande.<br \/>\nValeria, per chi non la conoscesse, lavora per il <a href=\"https:\/\/bloomnet.org\/\" target=\"_blank\" rel=\"noopener\">Bloom<\/a> e scrive per <a href=\"https:\/\/www.bossy.it\/\" target=\"_blank\" rel=\"noopener\">Bossy<\/a> e per <a href=\"https:\/\/www.awand.org\/\" target=\"_blank\" rel=\"noopener\">Awand<\/a>. Da sempre dentro al mondo di chi mette la musica su un palco con delle persone davanti, ora \u00e8 una delle teste dietro a <a href=\"https:\/\/www.facebook.com\/tuttoilnostrosangue\" target=\"_blank\" rel=\"noopener\">Tutto il nostro sangue<\/a>, una roba bellissima che dovreste supportare tutti e che mi ha permesso qualche riga fa di fare quella gag oscena.<br \/>\nCome sempre su questo blog, io faccio domande farcite di illazioni e chi mi risponde mi spiega con pazienza come stiano davvero le cose, resistendo alla necessit\u00e0 di mandarmi a cagare.<br \/>\nNello specifico, la parte interessante \u00e8 quella in cui lei risponde in <em>corsivo<\/em>.<br \/>\nBuona lettura.<\/p>\n<p style=\"text-align: justify;\">Iniziamo dalla fine, dall&#8217;ultimo concerto. Il mio \u00e8 stato nel 2019 e a memoria potresti averlo organizzato tu. In questi quasi due anni ho pagato per vedere roba in streaming, ma non sono riuscito pi\u00f9 a vedere qualcuno su un palco, prima perch\u00e8 non mi ci sentivo al sicuro e ora perch\u00e8 i concerti seduti vanno oltre la mia comprensione. A marzo 2020 invece c&#8217;\u00e8 stato l&#8217;<a href=\"https:\/\/www.manq.it\/index.php\/2021\/02\/28\/ultimoconcerto\/\" target=\"_blank\" rel=\"noopener\">#UltimoConcerto<\/a>, quello con l&#8217;hashtag, l&#8217;iniziativa messa insieme da un numero consistente di addetti ai lavori e che si poneva lo scopo di dare un segnale a tutti riguardo al momento terribile che la musica live sta(va) passando nel nostro Paese. L&#8217;iniziativa fu recepita in modo divisivo e io stesso non ero del tutto convinto si fosse scelta la strada giusta, sempre che una strada giusta esista. Sto solo facendo un mini riassunto, non voglio tornare sulla polemica che ne era scaturita, ma se vuoi commentare quella fai pure. Quello da cui mi interessa partire \u00e8 che dopo quell&#8217;#UltimoConcerto si \u00e8 parlato del <a href=\"https:\/\/www.ultimoconcerto.it\/prossimo-concerto\/\" target=\"_blank\" rel=\"noopener\">#ProssimoConcerto<\/a>, con interpellanze parlamentari, DDL mirati e <a href=\"https:\/\/www.beniculturali.it\/comunicato\/20153\" target=\"_blank\" rel=\"noopener\">comunicati ministeriali<\/a> che sembravano indicare qualcosa si fosse mosso davvero, che con quell&#8217;iniziativa aveste in qualche modo dato una spallata alla questione. Sei mesi dopo, la prima domanda non pu\u00f2 che essere: come procede? Si \u00e8 davvero mosso qualcosa, diradato il polverone di marzo?<\/p>\n<p style=\"text-align: justify;\"><em>Dietro a quella che \u00e8 stata un&#8217;iniziativa plateale, vista, seguita, giudicata, c&#8217;\u00e8 una macchina che anche a camere spente si \u00e8 mossa e ha continuato a muoversi perch\u00e9 le cose cambiassero, e cambino, non solo nell&#8217;ambito pandemia, ma pi\u00f9 in generale perch\u00e9 il settore spettacolo trovi un riconoscimento e una tutela fino ad oggi mancanti. <\/em><br \/>\n<em>Ultimo concerto non era una festa, non era pensato per esserlo e gi\u00e0 il titolo dell\u2019iniziativa a mio avviso parla da s\u00e9. Mi sconcerta il livore che ha scatenato, come non sia affatto chiaro cosa ci sia dietro ai \u2018\u2019nostri artisti che ci fanno tanto divertire e appassionare&#8221;, e di come le provocazioni, le rotture e le proteste le capiamo e abbracciamo solo quando ci piacciono (o ci fa comodo?). Comunque ha centrato l&#8217;obiettivo, smuovere.<br \/>\nCome mi sconcerta chi non vuole suonare davanti alle persone sedute o non vuole andare ai concerti con le sedie. Tutto condivisibile, per carit\u00e0, ma ci sta un punto: se non si supportano i posti che sono in ginocchio e se sono sopravvissuti hanno perseguito la loro missione di centro culturale rispettando le regole e stando alle capienze imposte, questi posti poi chiudono, non stanno in piedi.<\/em><br \/>\n<em>Se i primi a non supportare, a non turarsi il naso per le modalit\u00e0 non proprio entusiasmanti (in primis per gli organizzatori, neh) in cui si sono potuti realizzare i concerti sono quelli che hanno per mesi hanno hashtaggato #mimanchicomeunconcerto, di cosa stiamo parlando?<\/em><br \/>\n<em>Da luned\u00ec si torna capienza 100%, non sembra vero, dopo tutto questo tempo, ma lo \u00e8.<\/em><\/p>\n<p style=\"text-align: justify;\">Il discorso che fai ci sta tutto, supportare \u00e8 la base ed \u00e8 normale sensibilizzare tutti a fare la propria parte. Ho per\u00f2 l&#8217;impressione che da dentro si viva la musica e il mondo che le gira intorno con una consapevolezza ed un&#8217;etica che spesso \u00e8 ingenuo attribuire anche al &#8220;consumatore&#8221;. Probabilmente, in tantissimi casi, chi va ad un concerto non ha idea di quel che ci sia dietro e non sono convinto stia l\u00ec il problema di fondo. Un po&#8217; come posso sensibilizzare al consumo equo e solidale, ma nei fatti la politica che determina le condizioni del lavoro vola ad un&#8217;altezza diversa rispetto alla superficialit\u00e0 di chi compra il caff\u00e8 senza stare troppo a ragionare se il prezzo dello scaffale permetta o meno a chi lo coltiva una condizione lavorativa umana. Un conto \u00e8 far passare la consapevolezza al consumatore, un conto e dargli dello stronzo.<br \/>\nAd ogni modo, la bella notizia \u00e8 che si torni a capienza piena ed \u00e8 davvero una vittoria a questo punto.<br \/>\nLa domanda che ti faccio quindi \u00e8: quanto \u00e8 compromessa la situazione? L&#8217;impressione che mi sono fatto da fuori \u00e8 che le vittime sono state tante e che anche il futuro sar\u00e0 complicato, con tanti tour internazionali che salteranno l&#8217;Italia forse (dimmelo tu) anche a causa dell&#8217;averci messo troppo a dare garanzie su quel che si potr\u00e0 fare qui da noi questo autunno e nel prossimo anno. Tu come lo vedi il prossimo futuro dei concerti in Italia?<\/p>\n<p style=\"text-align: justify;\"><em>Assolutamente, chi non conosce una minima di dinamiche del settore fa fatica a considerare la musica come un lavoro e tutto quanto sta dietro a una band che suona sul palco, e di conseguenza giustamente come funzionano le cose. Per\u00f2, anche vero, che a tutti i livelli, in questi due anni di pandemia tramite social non sono mancate\/i addette\/i ai lavori che hanno cercato di spiegare il problema per propria voce o tramite organizzazioni di settore. Lungi da chiunque dare dello stronzo a chi non conosce\/non comprende le dinamiche o semplicemente non gliene frega nulla, \u00e8 una considerazione diversa, pi\u00f9 che incattivata, estremamente sconsolata: mesi su mesi di lockdown a leggere #mimanchicomeunconcerto, condivisioni di post nostalgici alla vita di prima, alle cose non si potevano fare, alla musica dal vivo mancante, commiati per i locali che hanno chiuso&#8230; e poi, quando si pu\u00f2 riprendere, in una condizione preclusiva e penalizzante sia per chi va a vedere, ma anche per chi mette a disposizione il concertame, ci si tira indietro, storcendo il naso. Quindi non \u00e8 che #mimanchicomeunconcerto, \u00e8 #mimanchicomeunconcertovistoegodutocomevoglioaltrimentinientedaiaccendonetflixestosedutomasuldivano.<br \/>\nQuello del 10 Ottobre \u00e8 un piccolo passo, sicuramente bello, ma ribadisco piccolo: tenendo i posti seduti come parrebbe ad oggi (10\/10\/21), per il settore \u00e8 ancora tosta, non \u00e8 un ritorno alla &#8220;normalit\u00e0&#8221;. Che il settore musica dal vivo non stesse bene gi\u00e0 si sapeva, anche prima del covid-19 che per\u00f2 ha sicuramente inflitto un&#8217;ulteriore batosta. E&#8217; anche vero che credo ci si stia proiettando, seppur lentamente, ad un ritorno alle modalit\u00e0 di fruizione della musica dal vivo nelle modalit\u00e0 che conosciamo. La speranza \u00e8 che si possa nei prossimi mesi tornare a vedere i concerti in piedi e che non saltino pi\u00f9 date che gi\u00e0 sono a volte al secondo rischedule.<\/em><\/p>\n<p style=\"text-align: justify;\">Leggendo la tua risposta deduco si riapra al 100%, ma coi posti a sedere e questa mi pare l&#8217;ennesima presa in giro, quindi volevo chiudere con l&#8217;ultima domanda. Uscendo dalla questione riaperture, mi pare che le misure di sostegno al settore negli ultimi due anni siano state poche e del tutto insufficienti. Puoi dirmi cosa \u00e8 stato fatto (se \u00e8 stato fatto qualcosa) nel concreto per provare a dare una mano al mondo della musica dal vivo da parte delle istituzioni?<\/p>\n<p style=\"text-align: justify;\"><em>S\u00ec, lo Stato qualcosa ha stanziato, non abbastanza, non tutti ne hanno goduto allo stesso modo e altrove &#8211; es. in Germania &#8211; \u00e8 stato fatto certamente di meglio.<br \/>\nParallelamente bisogna ricordare che le venue non sono rimaste con le mani in mano ad aspettare le misure governative, alcune hanno avviato campagne fondi, tante si sono inventate e reinventate per garantirsi il sostentamento e sono state attivate iniziative come <a href=\"https:\/\/scenaunita.org\/\" target=\"_blank\" rel=\"noopener\">scena unita<\/a>, ideate per rispondere alla situazione emergenziale.<br \/>\nConsiglio vivamente, per informarsi non solo sui numeri specifici dei soldi stanziati e delle misure adottate nel corso del tempo e in modo preciso, ma anche per approfondire tutto quello che \u00e8 successo in questi ormai due anni in termini di azioni governative e di richieste per la tutela, la ripartenza e la possibilit\u00e0 di garantire per il futuro maggiori riconoscimenti per il settore, di consultare la sezione <a href=\"https:\/\/www.keeponlive.com\/blog\/news\" target=\"_blank\" rel=\"noopener\">Iniziative e News | KeepOn Live<\/a>, il sito dell&#8217;associazione di categoria live club e festival italiani.<\/em><\/p>\n","protected":false},"excerpt":{"rendered":"<p>Oggi, 10 Ottobre 2021 per chi leggesse in differita, \u00e8 il giorno della riapertura dei concerti. Sono passati infatti ormai quasi due anni da quando il Covid19 ha ribaltato le vite e la societ\u00e0 in cui viviamo e una delle vittime pi\u00f9 martoriate \u00e8 stata la musica dal vivo. Da qualche settimana rimugino sull&#8217;argomento in&hellip;&nbsp;<a href=\"https:\/\/www.manq.it\/index.php\/2021\/10\/11\/prossimi-concerti-una-chiacchierata-con-valeria\/\" rel=\"bookmark\">Leggi tutto &raquo;<span class=\"screen-reader-text\">Prossimi concerti: una chiacchierata con Valeria<\/span><\/a><\/p>\n","protected":false},"author":1,"featured_media":0,"comment_status":"open","ping_status":"open","sticky":false,"template":"","format":"standard","meta":{"neve_meta_sidebar":"","neve_meta_container":"","neve_meta_enable_content_width":"off","neve_meta_content_width":70,"neve_meta_title_alignment":"","neve_meta_author_avatar":"","neve_post_elements_order":"","neve_meta_disable_header":"","neve_meta_disable_footer":"","neve_meta_disable_title":"","footnotes":""},"categories":[35,124,43,44,5,18,4,13],"tags":[],"class_list":["post-4315","post","type-post","status-publish","format-standard","hentry","category-concerti","category-interviste","category-litalia-e-una-merda-ma","category-litalia-e-una-merda","category-musica","category-politica","category-riflessioni","category-web"],"_links":{"self":[{"href":"https:\/\/www.manq.it\/index.php\/wp-json\/wp\/v2\/posts\/4315","targetHints":{"allow":["GET"]}}],"collection":[{"href":"https:\/\/www.manq.it\/index.php\/wp-json\/wp\/v2\/posts"}],"about":[{"href":"https:\/\/www.manq.it\/index.php\/wp-json\/wp\/v2\/types\/post"}],"author":[{"embeddable":true,"href":"https:\/\/www.manq.it\/index.php\/wp-json\/wp\/v2\/users\/1"}],"replies":[{"embeddable":true,"href":"https:\/\/www.manq.it\/index.php\/wp-json\/wp\/v2\/comments?post=4315"}],"version-history":[{"count":7,"href":"https:\/\/www.manq.it\/index.php\/wp-json\/wp\/v2\/posts\/4315\/revisions"}],"predecessor-version":[{"id":4344,"href":"https:\/\/www.manq.it\/index.php\/wp-json\/wp\/v2\/posts\/4315\/revisions\/4344"}],"wp:attachment":[{"href":"https:\/\/www.manq.it\/index.php\/wp-json\/wp\/v2\/media?parent=4315"}],"wp:term":[{"taxonomy":"category","embeddable":true,"href":"https:\/\/www.manq.it\/index.php\/wp-json\/wp\/v2\/categories?post=4315"},{"taxonomy":"post_tag","embeddable":true,"href":"https:\/\/www.manq.it\/index.php\/wp-json\/wp\/v2\/tags?post=4315"}],"curies":[{"name":"wp","href":"https:\/\/api.w.org\/{rel}","templated":true}]}}