{"id":458,"date":"2008-09-02T22:35:00","date_gmt":"2008-09-02T20:35:00","guid":{"rendered":"http:\/\/www.manq.it\/?p=458"},"modified":"2010-03-14T15:06:01","modified_gmt":"2010-03-14T14:06:01","slug":"me-vs-joseph-again","status":"publish","type":"post","link":"https:\/\/www.manq.it\/index.php\/2008\/09\/02\/me-vs-joseph-again\/","title":{"rendered":"Me vs. Joseph. Again."},"content":{"rendered":"<p align=\"justify\">Enn\u00f2, cazzo.<br \/>\n<a href=\"http:\/\/www.repubblica.it\/2008\/09\/sezioni\/cronaca\/vaticano-morte-celebrale\/vaticano-morte-celebrale\/vaticano-morte-celebrale.html\">Cos\u00ec<\/a> non va.<br \/>\nSta sera il mio capo mi ha accennato questa cosa e appena sono giunto a casa, non ho potuto evitare di leggermi l&#8217;articolo.<br \/>\nProver\u00f2 per una volta ad evitare di fare il mio classico (ed ormai famigerato) discorso in cui annovero episodi come questo tra le prove dell&#8217;inesistenza o tutalpi\u00f9 del totale menefreghismo di Dio.<br \/>\nMi limito a fare qualche breve ragionamento terra terra.<br \/>\nPer quanto il nostro paese sia vergognoso io non credo si corra il rischio di vedere modificare le leggi in questione. Non \u00e8 capitato con l&#8217;aborto e non sarebbe capitato nemmeno con la procreazione assistita se in tempi non sospetti si fosse legiferato in maniera intelligente. L&#8217;Italiano medio di certe cose non si interessa e se non viene adeguatamente strumentalizzato difficilmente si esprime in merito.<br \/>\nEssendo la classe politica ricolma unicamente di italiani medi il discorso vale anche e soprattutto per loro.<br \/>\nQuesto per\u00f2 non risolve il problema perch\u00e8 in Italia esiste l&#8217;obbiezione di coscienza.<br \/>\nE allora cosa accadrebbe se tra i rianimatori-anestesisti iniziasse a prendere piede l&#8217;usanza di rifiutarsi di dichiarare il decesso in caso di morte cerebrale?<br \/>\nLo scenario che si dipinge ai miei occhi non \u00e8 bellissimo, ma non lo descriver\u00f2 perch\u00e8 pu\u00f2 essere che io sia il solito pessimista.<br \/>\nIn testa al momento mi girano tutti i continui slanci di fondamentalismo etico di cui quotidianamente mi ritrovo spettatore.<br \/>\nI miei preferiti sono gli appartenenti al club: &#8220;Io ho la malattia di Welby e voglio vivere!&#8221;.<br \/>\nPremettendo che sono felice per loro, seriamente, perch\u00e8 se mai dovesse capitarmi di trovarmi in quella situazione vorrei avere la loro forza d&#8217;animo, forse non \u00e8 chiaro che l&#8217;idea non \u00e8 quella di mandare in giro una squadra di killer ad ammazzare chiunque sia ridotto a un vegetale dalla malattia.<br \/>\nL&#8217;idea \u00e8 semplicemente quella di lasciare la scelta a chi non vuole pi\u00f9 continuare ad essere costretto a vivere, di smettere di farlo.<br \/>\nIl concetto tuttavia non passa.<br \/>\nA quanto pare Dio pu\u00f2 lasciare il libero arbitrio all&#8217;uomo, ma l&#8217;uomo non riesce a fare altrettanto con\u00a0se stesso.<\/p>\n","protected":false},"excerpt":{"rendered":"<p>Enn\u00f2, cazzo. Cos\u00ec non va. Sta sera il mio capo mi ha accennato questa cosa e appena sono giunto a casa, non ho potuto evitare di leggermi l&#8217;articolo. Prover\u00f2 per una volta ad evitare di fare il mio classico (ed ormai famigerato) discorso in cui annovero episodi come questo tra le prove dell&#8217;inesistenza o tutalpi\u00f9&hellip;&nbsp;<a href=\"https:\/\/www.manq.it\/index.php\/2008\/09\/02\/me-vs-joseph-again\/\" rel=\"bookmark\">Leggi tutto &raquo;<span class=\"screen-reader-text\">Me vs. Joseph. Again.<\/span><\/a><\/p>\n","protected":false},"author":1,"featured_media":0,"comment_status":"open","ping_status":"open","sticky":false,"template":"","format":"standard","meta":{"neve_meta_sidebar":"","neve_meta_container":"","neve_meta_enable_content_width":"","neve_meta_content_width":0,"neve_meta_title_alignment":"","neve_meta_author_avatar":"","neve_post_elements_order":"","neve_meta_disable_header":"","neve_meta_disable_footer":"","neve_meta_disable_title":"","footnotes":""},"categories":[18,45],"tags":[],"class_list":["post-458","post","type-post","status-publish","format-standard","hentry","category-politica","category-religione"],"_links":{"self":[{"href":"https:\/\/www.manq.it\/index.php\/wp-json\/wp\/v2\/posts\/458","targetHints":{"allow":["GET"]}}],"collection":[{"href":"https:\/\/www.manq.it\/index.php\/wp-json\/wp\/v2\/posts"}],"about":[{"href":"https:\/\/www.manq.it\/index.php\/wp-json\/wp\/v2\/types\/post"}],"author":[{"embeddable":true,"href":"https:\/\/www.manq.it\/index.php\/wp-json\/wp\/v2\/users\/1"}],"replies":[{"embeddable":true,"href":"https:\/\/www.manq.it\/index.php\/wp-json\/wp\/v2\/comments?post=458"}],"version-history":[{"count":0,"href":"https:\/\/www.manq.it\/index.php\/wp-json\/wp\/v2\/posts\/458\/revisions"}],"wp:attachment":[{"href":"https:\/\/www.manq.it\/index.php\/wp-json\/wp\/v2\/media?parent=458"}],"wp:term":[{"taxonomy":"category","embeddable":true,"href":"https:\/\/www.manq.it\/index.php\/wp-json\/wp\/v2\/categories?post=458"},{"taxonomy":"post_tag","embeddable":true,"href":"https:\/\/www.manq.it\/index.php\/wp-json\/wp\/v2\/tags?post=458"}],"curies":[{"name":"wp","href":"https:\/\/api.w.org\/{rel}","templated":true}]}}