{"id":4823,"date":"2023-12-06T13:13:21","date_gmt":"2023-12-06T12:13:21","guid":{"rendered":"https:\/\/www.manq.it\/?p=4823"},"modified":"2023-12-06T13:15:17","modified_gmt":"2023-12-06T12:15:17","slug":"una-volta-qui-erano-tutti-pezzi-dopinione","status":"publish","type":"post","link":"https:\/\/www.manq.it\/index.php\/2023\/12\/06\/una-volta-qui-erano-tutti-pezzi-dopinione\/","title":{"rendered":"Una volta qui erano tutti pezzi d&#8217;opinione"},"content":{"rendered":"<p align=\"justify\">A Ladispoli hanno deciso non sia pi\u00f9 il caso di far esibire Emis Killa a Capodanno (<a href=\"https:\/\/www.ilpost.it\/2023\/11\/29\/emis-killa-concerto-ladispoli\/\" target=\"_blank\" rel=\"noopener\">ref.<\/a>).<br \/>\nOnestamente dopo questa frase fatico anche ad andare avanti a scrivere perch\u00e8 basta rileggerla due volte per rendersi conto di quanto si stia effettivamente discutendo del niente pi\u00f9 assoluto. Siccome per\u00f2 \u00e8 molto probabile io adesso parta con un pistolotto infinito tra il filosofico e lo psichedelico, mi sa che ogni tanto la riprender\u00f2 per riportare l&#8217;implausibile lettore al fatto che stiamo comunque discutendo di Ladispoli che non fa esibire Emis Killa.<br \/>\nAd ogni modo.<br \/>\nE&#8217; successo che dopo l&#8217;omicidio di Giulia Cecchettin il dibattito relativo al femminicidio e alla violenza sulle donne \u00e8 tornato, come capita ogni volta, d&#8217;attualit\u00e0. Come capita ogni volta, abbiamo assistito ad <a href=\"https:\/\/www.youtube.com\/watch?v=-U7XAx7L5L0\" target=\"_blank\" rel=\"noopener\">ogni<\/a> <a href=\"https:\/\/www.facebook.com\/RengaOfficial\/posts\/pfbid0ZjmtsHv1Q2GLEQacFCGvHXsAnnExKpQEodVCrLL6Gfe2SUZKjVznW8USMrPKxsbpl\" target=\"_blank\" rel=\"noopener\">genere<\/a> <a href=\"https:\/\/www.youtube.com\/watch?v=k7AIhTegJn8\" target=\"_blank\" rel=\"noopener\">di volteggio<\/a> attorno all&#8217;argomento nel tentativo di &#8220;fare qualcosa in contesto&#8221; ed entrare nel dibattito nazionale. Su questa cosa non voglio scrivere altro perch\u00e8 mi fa troppo disgusto e sono ancora troppo incazzato, perdonatemi.<br \/>\nTorniamo quindi a Ladispoli che &#8220;non vuole essere da meno, anche lei il suo vagone da attaccare in fondo al treno&#8221; (cit.) e cos\u00ec il sindaco decide che il concerto di Emis Killa previsto per capodanno non si far\u00e0. Il rapper, <a href=\"https:\/\/www.facebook.com\/alessandrograndosindaco\/posts\/pfbid02RQxRTJyKVC5E5UWxG19Qt2LaezpHGRFusU9YJ5Kv1rt356JmnA3dmiknhpM8FWxal\" target=\"_blank\" rel=\"noopener\">ci spiegano<\/a>, rischia di veicolare un messaggio sbagliato. Qualcuno in sostanza potrebbe non capire che quella di EK sia una rappresentazione cruda della realt\u00e0 e non un invito alla violenza di genere. Cliccate sul link che ho messo, vi prego. Anzi, ve lo rimetto <a href=\"https:\/\/www.facebook.com\/alessandrograndosindaco\/posts\/pfbid02RQxRTJyKVC5E5UWxG19Qt2LaezpHGRFusU9YJ5Kv1rt356JmnA3dmiknhpM8FWxal\" target=\"_blank\" rel=\"noopener\">qui<\/a>. Il comunicato dice davvero cos\u00ec.<br \/>\nUn tentativo incredibile di equilibrismo tra il fare qualcosa (a caso) intorno al tema della violenza di genere, tenersi comunque buono l&#8217;artista (perch\u00e8 non \u00e8 colpa sua eh, \u00e8 il pubblico che non capisce) e giustificare il fatto che i testi di Emis Killa fossero l\u00ec esattamente uguali anche quando l&#8217;avevano fatto suonare l&#8217;anno precedente.&nbsp;<br \/>\nIo qui mi devo fermare a respirare, che se no attacco a bestemmiare.<\/p>\n<p align=\"justify\">Parliamo di Emis Killa.<br \/>\nHo appena cancellato un paragrafo infinito in cui riprendevo &#8220;esternazioni discutibili&#8221; del tipo, perch\u00e8 di fatto non ha senso stare qui a discutere il personaggio. La cosa su cui per\u00f2 dovremmo ragionare, tutti, \u00e8 che questo episodio di Ladispoli gli permetter\u00e0 di continuare la sua crociata verso il &#8220;politically correct che non ti fa pi\u00f9 dire niente&#8221;. Un argomento particolarmente caro all&#8217;artista e a tanti suoi colleghi nel genere, stando ai quali esisterebbe una sorta di PC Army che non permette loro di esprimersi liberamente. Un esercito che, immagino, abbia il giorno di riposo ogni volta che Emis Killa dice: &#8220;<a href=\"https:\/\/www.youtube.com\/shorts\/PO819cCiTsQ\" target=\"_blank\" rel=\"noopener\">Quelli del politicamente corretto devono succhiarmi il cazzo<\/a>&#8221; su un palco e di fronte a centinaia o migliaia di persone. Perch\u00e8 \u00e8 quello il punto. Una fetta nutritissima di rapper sostiene che esista un limite a quello che si pu\u00f2 dire nelle canzoni, ma simultaneamente bercia orgoglioso di battersene il cazzo.<br \/>\nE allora che limite \u00e8?<br \/>\nSoprattutto: come siamo arrivati a farci convincere che non aderire a quelli che dovrebbero essere diktat del politically correct sia qualcosa di speciale e\/o anticonformista? La maggior parte dei rapper si vanta di farlo e stando alle classifiche i loro dischi sono l&#8217;unica musica ascoltata nel Paese. Potete dirmi che siano gli artisti ad influenzare le masse, ma io ho sempre pensato che siano le masse ad influenzare gli artisti, soprattutto quelli che hanno la spasmodica necessit\u00e0 di flexare i propri numeri. Non ho il minimo dubbio che Emis Killa creda davvero in quel che dice, ma sono anche sicuro che se le sue idee politiche e sociali togliessero incassi pi\u00f9 di quanti ne portano, inizierebbe a tenersele per s\u00e8.<\/p>\n<p align=\"justify\"><strong>&#8220;Se il politically correct non esiste, perch\u00e8 non lo fanno suonare a Ladispoli? EH?&#8221;<\/strong><br \/>\nIl politically correct esiste, ma non ha niente a che fare con una scelta opportunistica ed evidentemente sporadica fatta dal sindaco di Ladispoli.<br \/>\nIl politically correct, se proprio vogliamo chiamarlo cos\u00ec, \u00e8 un insieme di valori che si sta facendo strada nella nostra societ\u00e0 e sta rivoluzionando alcuni aspetti del nostro vivere. Non mi interessa neanche star qui a dire se in modo positivo o negativo, quella \u00e8 opinione soggettiva, ma di sicuro non \u00e8 oggi un pensiero dominante o tantomeno una legge inderogabile.<\/p>\n<p align=\"justify\">Un&#8217;ultima cosa.<br \/>\nQualche settimana fa Marky Ramone avrebbe dovuto suonare al CSA Baraonda, ma non \u00e8 salito sul palco perch\u00e8 era esposta la bandiera palestinese. I ragazzi del CSA si sono rifiutati di toglierla e gli hanno detto che poteva benissimo non suonare.<br \/>\nIn <a href=\"https:\/\/www.radiocittaperta.it\/musica\/marky-ramone-non-suona-al-baraonda-per-una-bandiera-palestinese-il-centro-non-ci-siamo-piegati\/#:~:text=Poco%20prima%20dell'orario%20previsto,sue%20spalle%2C%20sopra%20il%20palco.\" target=\"_blank\" rel=\"noopener\">questo articolo<\/a> \u00e8 inserito un video in cui spiegano al pubblico quello che \u00e8 successo e, secondo me, hanno fatto molto bene a dirgli di tornarsene a casa.<br \/>\nIo, per\u00f2, la schiena dritta di Marky Ramone la rispetto. Combatte per delle idee di merda, ma si fa carico delle conseguenze che questa linea gli porta.<br \/>\nLa cosa che fa ridere, di tutta la questione Emis Killa, sono le stories in cui <a href=\"https:\/\/music.fanpage.it\/emis-killa-dopo-il-concerto-cancellato-a-ladispoli-anche-non-permettermi-di-lavorare-e-violenza\/\" target=\"_blank\" rel=\"noopener\">fa la vittima<\/a>. Se davvero sei convinto di lottare contro un pensiero unico e di ribellarti ad un sistema, devi tenere la testa alta.<br \/>\nAltrimenti sei solo uno che grida slogan di comodo per fare il bulletto davanti ai fan.<\/p>\n<hr>\n<p style=\"text-align: justify;\">Ehi, vuoi ricevere i post di questo blog direttamente via mail e senza dover venire qui a leggerli?<br \/>\nIscriviti alla newsletter!<br \/>\n<div class=\"tnp tnp-subscription \">\n<form method=\"post\" action=\"https:\/\/www.manq.it\/wordpress\/wp-admin\/admin-ajax.php?action=tnp&amp;na=s\">\n<input type=\"hidden\" name=\"nlang\" value=\"\">\n<div class=\"tnp-field tnp-field-email\"><label for=\"tnp-1\">Email<\/label>\n<input class=\"tnp-email\" type=\"email\" name=\"ne\" id=\"tnp-1\" value=\"\" placeholder=\"\" required><\/div>\n<div class=\"tnp-field tnp-privacy-field\"><label><input type=\"checkbox\" name=\"ny\" required class=\"tnp-privacy\"> <a target=\"_blank\" href=\"https:\/\/www.iubenda.com\/privacy-policy\/82549365\">Procedendo accetti la privacy policy<\/a><\/label><\/div><div class=\"tnp-field tnp-field-button\" style=\"text-align: left\"><input class=\"tnp-submit\" type=\"submit\" value=\"Iscriviti\" style=\"\">\n<\/div>\n<\/form>\n<\/div>\n<\/p>\n","protected":false},"excerpt":{"rendered":"<p>A Ladispoli hanno deciso non sia pi\u00f9 il caso di far esibire Emis Killa a Capodanno (ref.). Onestamente dopo questa frase fatico anche ad andare avanti a scrivere perch\u00e8 basta rileggerla due volte per rendersi conto di quanto si stia effettivamente discutendo del niente pi\u00f9 assoluto. Siccome per\u00f2 \u00e8 molto probabile io adesso parta con&hellip;&nbsp;<a href=\"https:\/\/www.manq.it\/index.php\/2023\/12\/06\/una-volta-qui-erano-tutti-pezzi-dopinione\/\" rel=\"bookmark\">Leggi tutto &raquo;<span class=\"screen-reader-text\">Una volta qui erano tutti pezzi d&#8217;opinione<\/span><\/a><\/p>\n","protected":false},"author":1,"featured_media":0,"comment_status":"open","ping_status":"open","sticky":false,"template":"","format":"standard","meta":{"neve_meta_sidebar":"","neve_meta_container":"","neve_meta_enable_content_width":"off","neve_meta_content_width":70,"neve_meta_title_alignment":"","neve_meta_author_avatar":"","neve_post_elements_order":"","neve_meta_disable_header":"","neve_meta_disable_footer":"","neve_meta_disable_title":"","footnotes":""},"categories":[35,43,5,18,4],"tags":[],"class_list":["post-4823","post","type-post","status-publish","format-standard","hentry","category-concerti","category-litalia-e-una-merda-ma","category-musica","category-politica","category-riflessioni"],"_links":{"self":[{"href":"https:\/\/www.manq.it\/index.php\/wp-json\/wp\/v2\/posts\/4823","targetHints":{"allow":["GET"]}}],"collection":[{"href":"https:\/\/www.manq.it\/index.php\/wp-json\/wp\/v2\/posts"}],"about":[{"href":"https:\/\/www.manq.it\/index.php\/wp-json\/wp\/v2\/types\/post"}],"author":[{"embeddable":true,"href":"https:\/\/www.manq.it\/index.php\/wp-json\/wp\/v2\/users\/1"}],"replies":[{"embeddable":true,"href":"https:\/\/www.manq.it\/index.php\/wp-json\/wp\/v2\/comments?post=4823"}],"version-history":[{"count":5,"href":"https:\/\/www.manq.it\/index.php\/wp-json\/wp\/v2\/posts\/4823\/revisions"}],"predecessor-version":[{"id":4828,"href":"https:\/\/www.manq.it\/index.php\/wp-json\/wp\/v2\/posts\/4823\/revisions\/4828"}],"wp:attachment":[{"href":"https:\/\/www.manq.it\/index.php\/wp-json\/wp\/v2\/media?parent=4823"}],"wp:term":[{"taxonomy":"category","embeddable":true,"href":"https:\/\/www.manq.it\/index.php\/wp-json\/wp\/v2\/categories?post=4823"},{"taxonomy":"post_tag","embeddable":true,"href":"https:\/\/www.manq.it\/index.php\/wp-json\/wp\/v2\/tags?post=4823"}],"curies":[{"name":"wp","href":"https:\/\/api.w.org\/{rel}","templated":true}]}}