{"id":500,"date":"2009-02-26T20:43:56","date_gmt":"2009-02-26T19:43:56","guid":{"rendered":"http:\/\/www.manq.it\/?p=500"},"modified":"2009-02-26T20:43:56","modified_gmt":"2009-02-26T19:43:56","slug":"piangina","status":"publish","type":"post","link":"https:\/\/www.manq.it\/index.php\/2009\/02\/26\/piangina\/","title":{"rendered":"Piangina"},"content":{"rendered":"<p align=\"justify\">E&#8217; un po&#8217; di tempo che non uso questo diario per lamentarmi della mia vita.<br \/>\nAd essere onesti, \u00e8 un po&#8217; di tempo che non lo faccio perch\u00e8 non ne ho sentito la necessit\u00e0.<br \/>\nOggi per\u00f2, rientrato dal lavoro, sento il bisogno di lagnarmi un po&#8217;.<br \/>\nSono stanco.<br \/>\nFisicamente sono veramente a tocchi e mentalmente non vado molto lontano dal crollo.<br \/>\nE&#8217; un periodo in cui soffro il lavoro in maniera particolare.<br \/>\nIl problema \u00e8 che non credo di riuscire a gestire tutto quello che devo fare. Troppe questioni aperte, troppi progetti, troppe cose da fare, da gestire e su cui riflettere. Il mio \u00e8 un lavoro su cui \u00e8 importantissimo pensare a ci\u00f2 che si sta facendo. Gli esperimenti vanno pensati, eseguiti, ma soprattutto valutati. Per fare tutto questo servono calma, lucidit\u00e0 e possibilit\u00e0 di focalizzare l&#8217;attenzione su ci\u00f2 che si sta facendo.<br \/>\nOggi io questo non riesco pi\u00f9 a farlo, salto come una rana da un progetto ad un altro, da un esperimento ad un altro, senza riuscire a soffermarmi su quel che sto facendo e questo \u00e8 pericoloso nonch\u00e8 dannoso per chi fa un mestiere come il mio.<br \/>\nForse avrei bisogno di un aiuto.<br \/>\nForse dovrei parlare col mio capo.<\/p>\n","protected":false},"excerpt":{"rendered":"<p>E&#8217; un po&#8217; di tempo che non uso questo diario per lamentarmi della mia vita. Ad essere onesti, \u00e8 un po&#8217; di tempo che non lo faccio perch\u00e8 non ne ho sentito la necessit\u00e0. Oggi per\u00f2, rientrato dal lavoro, sento il bisogno di lagnarmi un po&#8217;. Sono stanco. Fisicamente sono veramente a tocchi e mentalmente&hellip;&nbsp;<a href=\"https:\/\/www.manq.it\/index.php\/2009\/02\/26\/piangina\/\" rel=\"bookmark\">Leggi tutto &raquo;<span class=\"screen-reader-text\">Piangina<\/span><\/a><\/p>\n","protected":false},"author":1,"featured_media":0,"comment_status":"open","ping_status":"open","sticky":false,"template":"","format":"standard","meta":{"neve_meta_sidebar":"","neve_meta_container":"","neve_meta_enable_content_width":"","neve_meta_content_width":0,"neve_meta_title_alignment":"","neve_meta_author_avatar":"","neve_post_elements_order":"","neve_meta_disable_header":"","neve_meta_disable_footer":"","neve_meta_disable_title":"","footnotes":""},"categories":[11],"tags":[],"class_list":["post-500","post","type-post","status-publish","format-standard","hentry","category-lavoro"],"_links":{"self":[{"href":"https:\/\/www.manq.it\/index.php\/wp-json\/wp\/v2\/posts\/500","targetHints":{"allow":["GET"]}}],"collection":[{"href":"https:\/\/www.manq.it\/index.php\/wp-json\/wp\/v2\/posts"}],"about":[{"href":"https:\/\/www.manq.it\/index.php\/wp-json\/wp\/v2\/types\/post"}],"author":[{"embeddable":true,"href":"https:\/\/www.manq.it\/index.php\/wp-json\/wp\/v2\/users\/1"}],"replies":[{"embeddable":true,"href":"https:\/\/www.manq.it\/index.php\/wp-json\/wp\/v2\/comments?post=500"}],"version-history":[{"count":0,"href":"https:\/\/www.manq.it\/index.php\/wp-json\/wp\/v2\/posts\/500\/revisions"}],"wp:attachment":[{"href":"https:\/\/www.manq.it\/index.php\/wp-json\/wp\/v2\/media?parent=500"}],"wp:term":[{"taxonomy":"category","embeddable":true,"href":"https:\/\/www.manq.it\/index.php\/wp-json\/wp\/v2\/categories?post=500"},{"taxonomy":"post_tag","embeddable":true,"href":"https:\/\/www.manq.it\/index.php\/wp-json\/wp\/v2\/tags?post=500"}],"curies":[{"name":"wp","href":"https:\/\/api.w.org\/{rel}","templated":true}]}}