{"id":5365,"date":"2026-03-18T12:49:19","date_gmt":"2026-03-18T11:49:19","guid":{"rendered":"https:\/\/www.manq.it\/?p=5365"},"modified":"2026-03-18T12:49:19","modified_gmt":"2026-03-18T11:49:19","slug":"fedez-che-fa-joe-rogan-spiegato-male","status":"publish","type":"post","link":"https:\/\/www.manq.it\/index.php\/2026\/03\/18\/fedez-che-fa-joe-rogan-spiegato-male\/","title":{"rendered":"Fedez che fa Joe Rogan (spiegato male)"},"content":{"rendered":"<p style=\"text-align: justify;\">Aver chiuso il libro mi d\u00e0 modo di tornare a impiegare la mia vena autorale per scrivere siluri qui sopra. Post che nella mia testa dovrebbero portarmi a discutere con le persone, ma che nella pratica portano al massimo qualcuno dei miei conoscenti digitali a levarmi il follow da instagram e fare finta di niente quando poi gli faccio gli auguri di compleanno o per la nascita dei figli.<br \/>\nUn bell&#8217;incipit, per settare da subito il tono rancoroso del post che segue e che parler\u00e0 di Fedez.<br \/>\nNotizia di ieri, il tipo ha deciso di ospitare al proprio podcast niente meno che la premier (linko <a href=\"https:\/\/www.ilpost.it\/flashes\/il-video-che-annuncia-la-partecipazione-di-giorgia-meloni-a-pulp-podcast-con-fedez-e-mr-marra\/\" target=\"_blank\" rel=\"noopener\">il post<\/a>, giusto per chiarire anche la gag del titolo).\u00a0 Come facile immaginare, all&#8217;uscita della promo si \u00e8 immediatamente sollevato il coro di quelli che, da sinistra, si scagliano contro Fedez accusandolo di essere fascista.<\/p>\n<p style=\"text-align: justify;\"><em>*Inciso*<\/em><br \/>\nIl termine fascista negli ultimi venticinque anni \u00e8 passato dall&#8217;essere etichetta per quei minorati che si trovano a Sal\u00f2 a fare stretching al braccio ad essere l&#8217;appellativo con cui si chiamano tutti coloro che non sono sufficientemente di sinistra. Non si sa bene in base a quale scala di valori, ma tralasciamo. Il punto interessante \u00e8 che, volendo fare un parallelismo, da novembre 2023 antisemita \u00e8 diventata etichetta per chiunque non supporti il genocidio che Israele sta perpetrando a Gaza. Io non lo so come possa sentirsi Fedez ad essere definito fascista, ma so come mi sento io quando mi danno dell&#8217;antisemita. Non me ne frega un cazzo. Sia perch\u00e8 so di non esserlo, sia perch\u00e8 il pulpito da cui arriva l&#8217;accusa \u00e8 evidentemente composto da gente in malafede.<\/p>\n<p style=\"text-align: justify;\">Io non credo Fedez sia fascista, tantomeno che lo sia diventato nell&#8217;ultimo anno o due.<br \/>\nPi\u00f9 importante, credo che appiattire la riflessione a questo possa essere controproducente. Di seguito quindi provo a fare qualche riflessione, magari sbagliata e basata su principi di psicologia spicciola che non \u00e8 detto siano verificati\/verificabili, ma che a sensazione raccontano il fenomeno un filo meglio e che potrebbero evitarci epifanie ridicole quando il mostro che abbiamo contribuito a generare salta poi fuori a spaventare vecchi e bambini.<br \/>\nIo non so quanto genuine fossero le posizioni di Fedez quindici anni fa. C&#8217;\u00e8 stato un frangente, quello Ferragnez per capirci, in cui certamente una buona dose delle sue prese di posizione pubbliche erano su temi monetizzabili, ma lasciamo quel frangente da parte (se vi interessa c&#8217;\u00e8 un bello studio che lo approfondisce, <a href=\"https:\/\/www.youtube.com\/watch?v=WNQDJhbTidA\" target=\"_blank\" rel=\"noopener\">ve lo linko <\/a> ). All&#8217;inizio della sua carriera, per\u00f2, Fedez era quello vicino al M5S, quello che litigava con Gasparri e Giovanardi. Posa? Boh, processi alle intenzioni possiamo farne tantissimi, ma ai tempi non credo avesse chiss\u00e0 cosa da guadagnarci se non la sua costante necessit\u00e0 di prendere una posizione, condivisibile o meno che fosse. Poi sono successe cose.<br \/>\nUna di queste, ad esempio, \u00e8 che Selvaggia Lucarelli si \u00e8 legata al dito <a href=\"https:\/\/www.ilsecoloxix.it\/cultura-e-spettacoli\/2017\/10\/31\/news\/selvaggia-lucarelli-j-ax-e-gli-arcade-boyz-e-guerra-aperta-sui-social-1.30923875\" target=\"_blank\" rel=\"noopener\">una questione personale<\/a> e ha iniziato a fargli la guerra. Nel conflitto \u00e8 finito in mezzo anche Travaglio, che si \u00e8 poi portato appresso il Fatto Quotidiano e, di conseguenza, i 5S. Possiamo raccontarci ci siano ragioni politiche dietro a quella frattura, ma non \u00e8 cos\u00ec. Le questioni politiche sono state trovate per giustificare il tutto ex post. Ed \u00e8 perfettamente umano sia cos\u00ec, nel senso pi\u00f9 letterale e acritico del termine.<br \/>\nCos\u00ec come \u00e8 umano il processo che ha &#8220;avvicinato&#8221; Fedez alla destra, almeno secondo me.<br \/>\nIl percorso mi sembra analogo a quello di tanti ben pi\u00f9 rilevanti di lui, da Musk a Rogan per fare nomi davvero grossi. Gente che partiva da posizioni progressiste e in contrapposizione alla destra, ma che non aveva uno score di purezza necessario a farsi accettare dalla sinistra. Non sto sindacando sulle ragioni di questa mancata accettazione, che sono diverse per ciascuno e in alcuni casi assolutamente valide, mi interessa il meccanismo. Vedendosi chiudere la porta in faccia, hanno semplicemente smesso di bussare. Traendone profitto, ovviamente, ma su quello torno dopo. Andiamo nello specifico di Fedez. Si parte da uno storico di conflitti con la destra, anche legali, e la sinistra invece che supporto porta critiche, accuse di &#8220;fake ethic&#8221; e una certa quantit\u00e0 (anche sproporzionata, imho) di attenzione mediatica spinta largamente dalla necessit\u00e0 di trovare macchie sul vestito volte a dire &#8220;ecco, vedi, non sei DAVVERO dei nostri&#8221;. Solo che nel dettaglio della politica e della sinistra italiane \u00e8 tutto, imho, piuttosto discutibile.<br \/>\nPerch\u00e8 i temi su cui Fedez si \u00e8 largamente speso sono temi centrali dell&#8217;agenda della sinistra (inclusivit\u00e0, droghe, salute mentale), mentre le ragioni per cui se ne sono prese le distanze sono essenzialmente finanziarie. E fa ridere perch\u00e8 la nostra sinistra non ha nessun piano in agenda che riguardi gli aspetti di disuguaglianza economica (zero [NADA]). La dico dritta: per me non ha molto senso tirare i confini della sinistra sulla base del reddito, ma ci posso ampiamente stare se a farlo \u00e8 gente che come primo punto dell&#8217;agenda ha una cazzo di patrimoniale. Penso siamo tutti d&#8217;accordo non sia questo il caso.<br \/>\nAd ogni modo, la questione \u00e8 che questi personaggi che si proclamavano di sinistra e si sono sentiti rifiutati hanno trovato apertura dall&#8217;altra parte e l&#8217;hanno sfruttata.<\/p>\n<p style=\"text-align: justify;\"><em><strong>Eh, allora vedi che non erano davvero di sinistra?\u00a0<\/strong><\/em><br \/>\nGrazie per la domanda. No, non lo vedo. Provo a spiegare. Quello che dimostra una scelta come quella, imho, \u00e8 che questa gente al massimo non antepone l&#8217;ideologia a tutto. Non dico solo al profitto, che comunque \u00e8 un fattore, ma anche ad aspetti pi\u00f9 psicologici di accettazione e riconoscimento sociale. O al risentimento, se preferite, alla ritorsione. C&#8217;\u00e8 chi quando litiga col partner si separa e chi tradisce, magari con qualcun* che il partner detesta. Non sono giustificazioni, sono (possibili) spiegazioni che vadano oltre le semplificazioni a cazzo di cui all&#8217;inizio.<br \/>\nPoi c&#8217;\u00e8 la questione profitto, che \u00e8 l&#8217;elefante nella stanza.<br \/>\nE&#8217; evidente che queste svolte pro-establishment portino con loro un ritorno economico\/politico\/di potere. Ci sono per\u00f2 due aspetti che secondo me non andrebbero dimenticati.<br \/>\n1) quel tipo di ritorno era l\u00ec dal principio. La destra governa l&#8217;Italia da sempre, non mi pare proprio ci sia stato un cambio di rotta che potesse giustificare cambi di bandiera. Farlo per i soldi era possibile dal giorno uno.<br \/>\n2) la destra in questo \u00e8 decisamente pi\u00f9 prona a giustificare i mezzi per il fine. E&#8217; un difetto? Non lo so. A livello teorico\/ideologico ovviamente per me s\u00ec. E&#8217; un principio che, scritto cos\u00ec, non mi rappresenta. MA. Il livello teorico\/ideologico non conta un cazzo mai, quel che serve \u00e8 valutare di volta in volta il fine e gli annessi mezzi.<\/p>\n<p style=\"text-align: justify;\">Questo post lunghissimo non vuole essere l&#8217;apologia di Fedez, di cui mi frega zero.<br \/>\nVuole essere una riflessione (ennesima) su come la chiusura, le barricate e tutto il resto siano una strategia poco lungimirante quando si parla di raccogliere consensi su quasi 70 milioni di individui. Per\u00f2 ti deve interessare il consenso. Ti deve interessare governare, avere una maggioranza. Passiamo le giornate a discutere di come la politica raccoglie i voti e mai di cosa ci faccia dopo averli presi. Io resto convinto il secondo aspetto sia largamente pi\u00f9 rilevante del primo.<br \/>\nPer\u00f2 non credo, sinceramente, che queste cose interessino davvero a sinistra. L&#8217;importante \u00e8 solo il ritorno di endorfine che si dipanano nelle vene quando si urla &#8220;VEDI? TE L&#8217;AVEVO DETTO!&#8221;.<br \/>\nC&#8217;\u00e8 piena la Storia e la fiction di villain creati dal rifiuto.<br \/>\nForse, se qualcuno avesse dato una chances ai dipinti di Hitler&#8230;<\/p>\n<hr \/>\n<p style=\"text-align: justify;\">Ehi, vuoi ricevere i post di questo blog direttamente via mail e senza dover venire qui a leggerli?<br \/>\nIscriviti alla newsletter!<br \/>\n<div class=\"tnp tnp-subscription \">\n<form method=\"post\" action=\"https:\/\/www.manq.it\/wordpress\/wp-admin\/admin-ajax.php?action=tnp&amp;na=s\">\n<input type=\"hidden\" name=\"nlang\" value=\"\">\n<div class=\"tnp-field tnp-field-email\"><label for=\"tnp-1\">Email<\/label>\n<input class=\"tnp-email\" type=\"email\" name=\"ne\" id=\"tnp-1\" value=\"\" placeholder=\"\" required><\/div>\n<div class=\"tnp-field tnp-privacy-field\"><label><input type=\"checkbox\" name=\"ny\" required class=\"tnp-privacy\"> <a target=\"_blank\" href=\"https:\/\/www.iubenda.com\/privacy-policy\/82549365\">Procedendo accetti la privacy policy<\/a><\/label><\/div><div class=\"tnp-field tnp-field-button\" style=\"text-align: left\"><input class=\"tnp-submit\" type=\"submit\" value=\"Iscriviti\" style=\"\">\n<\/div>\n<\/form>\n<\/div>\n<\/p>\n","protected":false},"excerpt":{"rendered":"<p>Aver chiuso il libro mi d\u00e0 modo di tornare a impiegare la mia vena autorale per scrivere siluri qui sopra. Post che nella mia testa dovrebbero portarmi a discutere con le persone, ma che nella pratica portano al massimo qualcuno dei miei conoscenti digitali a levarmi il follow da instagram e fare finta di niente&hellip;&nbsp;<a href=\"https:\/\/www.manq.it\/index.php\/2026\/03\/18\/fedez-che-fa-joe-rogan-spiegato-male\/\" rel=\"bookmark\">Leggi tutto &raquo;<span class=\"screen-reader-text\">Fedez che fa Joe Rogan (spiegato male)<\/span><\/a><\/p>\n","protected":false},"author":1,"featured_media":0,"comment_status":"open","ping_status":"open","sticky":false,"template":"","format":"standard","meta":{"neve_meta_sidebar":"","neve_meta_container":"","neve_meta_enable_content_width":"off","neve_meta_content_width":70,"neve_meta_title_alignment":"","neve_meta_author_avatar":"","neve_post_elements_order":"","neve_meta_disable_header":"","neve_meta_disable_footer":"","neve_meta_disable_title":"","footnotes":""},"categories":[18,4,13],"tags":[],"class_list":["post-5365","post","type-post","status-publish","format-standard","hentry","category-politica","category-riflessioni","category-web"],"_links":{"self":[{"href":"https:\/\/www.manq.it\/index.php\/wp-json\/wp\/v2\/posts\/5365","targetHints":{"allow":["GET"]}}],"collection":[{"href":"https:\/\/www.manq.it\/index.php\/wp-json\/wp\/v2\/posts"}],"about":[{"href":"https:\/\/www.manq.it\/index.php\/wp-json\/wp\/v2\/types\/post"}],"author":[{"embeddable":true,"href":"https:\/\/www.manq.it\/index.php\/wp-json\/wp\/v2\/users\/1"}],"replies":[{"embeddable":true,"href":"https:\/\/www.manq.it\/index.php\/wp-json\/wp\/v2\/comments?post=5365"}],"version-history":[{"count":1,"href":"https:\/\/www.manq.it\/index.php\/wp-json\/wp\/v2\/posts\/5365\/revisions"}],"predecessor-version":[{"id":5366,"href":"https:\/\/www.manq.it\/index.php\/wp-json\/wp\/v2\/posts\/5365\/revisions\/5366"}],"wp:attachment":[{"href":"https:\/\/www.manq.it\/index.php\/wp-json\/wp\/v2\/media?parent=5365"}],"wp:term":[{"taxonomy":"category","embeddable":true,"href":"https:\/\/www.manq.it\/index.php\/wp-json\/wp\/v2\/categories?post=5365"},{"taxonomy":"post_tag","embeddable":true,"href":"https:\/\/www.manq.it\/index.php\/wp-json\/wp\/v2\/tags?post=5365"}],"curies":[{"name":"wp","href":"https:\/\/api.w.org\/{rel}","templated":true}]}}