{"id":625,"date":"2010-04-21T00:35:27","date_gmt":"2010-04-20T23:35:27","guid":{"rendered":"http:\/\/www.manq.it\/?p=625"},"modified":"2010-06-01T12:00:37","modified_gmt":"2010-06-01T11:00:37","slug":"la-classe-politica-italiana-non-e-acqua-purtroppo","status":"publish","type":"post","link":"https:\/\/www.manq.it\/index.php\/2010\/04\/21\/la-classe-politica-italiana-non-e-acqua-purtroppo\/","title":{"rendered":"La classe politica italiana non \u00e8 acqua. Purtroppo."},"content":{"rendered":"<p align=\"justify\">Dopo giorni di astinenza dalla scrittura del blog riprendo trattando ancora una volta di politica.<br \/>\nNon me ne si voglia, mi piacerebbe parlare anche d&#8217;altro, ma non ho molti argomenti in faretra ultimamente. Il risultato di questa sera a S. Siro oltretutto mi impone di glissare in toto sull&#8217;argomento calcio nonostante io mi sia imposto nell&#8217;annuale sfida del Fantacalcio.<br \/>\nAd ogni modo vorrei parlare di Marcello Dell&#8217;Utri.<br \/>\nE&#8217; un argomento che fa schifo, lo so, ma stando in Germania non so quale rilevanza possa aver avuto questa notizia nel mio paese e quindi ne parlo anche io, sicuro di ripetere cose che i TG nazionali hanno gi\u00e0 mostrato fino alla nausea.<br \/>\nLa procura di Palermo ha chiesto un inasprimento della pena per il sopracitato senatore del Popolo delle Libert\u00e0 rispetto alla condanna infera in primo grado. Fino a qui nulla di interessante. Ad avermi lasciato un po&#8217; cos\u00ec sono state le dichiarazioni dell&#8217;imputato che ai microfoni afferma in merito al processo: &#8220;Io sono&#8230; ho detto che faccio il deputato&#8230; faccio l&#8217;imputato, non il deputato. No? Per cui sono diciamo cos\u00ec vestito della carica di deputato per difendermi dai processi. L&#8217;ho detto e lo confermo. Che cosa far\u00f2 dopo non lo so. Se non ci fossero per me questi problemi di carattere giudiziario io sicuramente non farei il deputato. Questo lo posso assicurare. Nel momento in cui mi chiuderanno tutto, basta&#8230;&#8221;.<br \/>\nSembra assurdo, lo so, ma ha detto proprio cos\u00ec e al minuto 3.00 di <a target=\"_blank\" href=\"http:\/\/www.youtube.com\/watch?v=pNS661ClYSk\">questo video <\/a>\u00e8 possibile sentire la dichiarazione per bocca proprio del senatore.<br \/>\nOrmai non solo \u00e8 possibile utilizzare la politica per scampare ai processi, ma \u00e8 diventato addirittura lecito vantarsene.<br \/>\nPeggio, si fa passare la cosa come fosse una seccatura. Del tipo: &#8220;Che due coglioni dover prendere uno stipendio stratosferico come senatore senza dover realmente svolgerne le mansioni, ma solo per poter scansare le condanne&#8230;&#8221;.<br \/>\nNel vasto bestiario dell&#8217;italica classe dirigente per\u00f2 non c&#8217;\u00e8 solo questo. Ha recentemente fatto il suo ingresso anche il famigerato Bossi jr. S\u00ec, quello che nonostante il padre ed i mille ricorsi \u00e8 riuscito a <a target=\"_blank\"  href=\"http:\/\/www.lastampa.it\/redazione\/cmsSezioni\/politica\/200811articoli\/38650girata.asp\">farsi stampare tre volte alla maturit\u00e0<\/a>. Ora per carit\u00e0 di Dio, non ho nulla contro chi non \u00e8 un fenomeno a scuola, anzi, alcuni dei miei pi\u00f9 cari amici hanno avuto lo stesso problema. Uno di questi gli somiglia anche un po&#8217;, sicuramente come fisionomia, ma potrei scommettere anche da un punto di vista gergale. Il punto quindi non \u00e8 che critico a priori chi non ha un buon rapporto con l&#8217;istruzione, ma cazzo, la classe politica che tira le redini di un paese non pu\u00f2 essere formata dalla &#8220;gente comune&#8221;, senn\u00f2 che cazzo li strapaghiamo a fare? Ad ogni modo anche a voler sorvolare sulla non brillantezza culturale del soggetto, come si pu\u00f2 decidere di intraprendere una carriera politica per un paese di cui <a target=\"_blank\" href=\"http:\/\/www.repubblica.it\/sport\/calcio\/2010\/04\/20\/news\/bossi_jr_non_tifa_italia-3489964\/\">non ci si senta parte<\/a>?Ora mi rivolgo a te, caro il mio Renzo. A sto punto il dubbio che in realt\u00e0 non te ne freghi un cazzo, che tu non sappia fare un cazzo e che tu voglia fare politica perch\u00e8 col padre che ti ritrovi puoi permetterti questa scappatoia invece di lavorare come tutti i comuni mortali, beh, mi viene. Ed allora mi sento di dovermi scusare verso i miei amici che, resisi conto che la scuola non faceva per loro, hanno deciso di andare a fare un lavoro onesto per portare a casa la pagnotta. Mi devo scusare per averli paragonati a te che sei solo un cazzone ignorante che ha la fortuna di avere un padre ormai impossibilitato a rifilarti i calci in culo che meriteresti (e che conoscendo il soggetto ti darebbe pure volentieri). Sei il manifesto del peggio della generazione nata nella bambagia e te lo dice uno che non \u00e8 che ha fatto la guerra, ma che ancora ancora il concetto di &#8220;guadagnarsi da vivere&#8221; ce l&#8217;ha presente.<br \/>\nVorrei conoscerli, i tredicimila fenomeni che ti hanno votato.<br \/>\nHa ragione Gigi Riva: &#8220;Se non sta bene pu\u00f2 anche andarsene dall&#8217;Italia, nessuno ne far\u00e0 una malattia&#8230;&#8221;.<br \/>\nGrande, Rombo di Tuono.<br \/>\nVabb\u00e8, \u00e8 giunta l&#8217;ora di andare a letto.<br \/>\nIl prossimo post, salvo imprevedibili avvenimenti impossibili da non commentare, non parler\u00e0 di politica.<br \/>\nCazzo, ci sono anche cose belle nella vita.<br \/>\nTipo che questo week-end me ne vado a Bruges con la Polly e degli amici che ci faranno visita dall&#8217;Italia.<br \/>\nOppure tipo &#8220;Amen&#8221;, il primo disco dei My Own Private Alaska che secondo me \u00e8 stratosferico.<br \/>\nO anche il fatto che probabilmente riuscir\u00f2 ad andare a Bochum a vedermi la sfida salvezza dell&#8217;ultima giornata contro l&#8217;Hannover.<br \/>\nAh gi\u00e0, di calcio per\u00f2 ho detto che non parlo.<\/p>\n","protected":false},"excerpt":{"rendered":"<p>Dopo giorni di astinenza dalla scrittura del blog riprendo trattando ancora una volta di politica. Non me ne si voglia, mi piacerebbe parlare anche d&#8217;altro, ma non ho molti argomenti in faretra ultimamente. Il risultato di questa sera a S. Siro oltretutto mi impone di glissare in toto sull&#8217;argomento calcio nonostante io mi sia imposto&hellip;&nbsp;<a href=\"https:\/\/www.manq.it\/index.php\/2010\/04\/21\/la-classe-politica-italiana-non-e-acqua-purtroppo\/\" rel=\"bookmark\">Leggi tutto &raquo;<span class=\"screen-reader-text\">La classe politica italiana non \u00e8 acqua. Purtroppo.<\/span><\/a><\/p>\n","protected":false},"author":1,"featured_media":0,"comment_status":"open","ping_status":"open","sticky":false,"template":"","format":"standard","meta":{"neve_meta_sidebar":"","neve_meta_container":"","neve_meta_enable_content_width":"","neve_meta_content_width":0,"neve_meta_title_alignment":"","neve_meta_author_avatar":"","neve_post_elements_order":"","neve_meta_disable_header":"","neve_meta_disable_footer":"","neve_meta_disable_title":"","footnotes":""},"categories":[44,18,4],"tags":[],"class_list":["post-625","post","type-post","status-publish","format-standard","hentry","category-litalia-e-una-merda","category-politica","category-riflessioni"],"_links":{"self":[{"href":"https:\/\/www.manq.it\/index.php\/wp-json\/wp\/v2\/posts\/625","targetHints":{"allow":["GET"]}}],"collection":[{"href":"https:\/\/www.manq.it\/index.php\/wp-json\/wp\/v2\/posts"}],"about":[{"href":"https:\/\/www.manq.it\/index.php\/wp-json\/wp\/v2\/types\/post"}],"author":[{"embeddable":true,"href":"https:\/\/www.manq.it\/index.php\/wp-json\/wp\/v2\/users\/1"}],"replies":[{"embeddable":true,"href":"https:\/\/www.manq.it\/index.php\/wp-json\/wp\/v2\/comments?post=625"}],"version-history":[{"count":0,"href":"https:\/\/www.manq.it\/index.php\/wp-json\/wp\/v2\/posts\/625\/revisions"}],"wp:attachment":[{"href":"https:\/\/www.manq.it\/index.php\/wp-json\/wp\/v2\/media?parent=625"}],"wp:term":[{"taxonomy":"category","embeddable":true,"href":"https:\/\/www.manq.it\/index.php\/wp-json\/wp\/v2\/categories?post=625"},{"taxonomy":"post_tag","embeddable":true,"href":"https:\/\/www.manq.it\/index.php\/wp-json\/wp\/v2\/tags?post=625"}],"curies":[{"name":"wp","href":"https:\/\/api.w.org\/{rel}","templated":true}]}}