{"id":705,"date":"2011-02-15T13:03:21","date_gmt":"2011-02-15T12:03:21","guid":{"rendered":"http:\/\/www.manq.it\/?p=705"},"modified":"2011-02-15T13:04:26","modified_gmt":"2011-02-15T12:04:26","slug":"chiacchiere-e-distintivo","status":"publish","type":"post","link":"https:\/\/www.manq.it\/index.php\/2011\/02\/15\/chiacchiere-e-distintivo\/","title":{"rendered":"Chiacchiere e distintivo"},"content":{"rendered":"<p align=\"justify\"><img decoding=\"async\" src=\"http:\/\/www.manq.it\/wordpress\/wp-content\/uploads\/alcapone.jpg\" align=\"left\" widht=\"200\" style=\"margin: 5px 10px 0px 0px;\">Alphonse Gabriel Capone, detto Al, era un malavitoso. Grazie ad un vastissimo giro di illeciti, costellati da ingenti omicidi, accumul\u00f2 nella sua pur breve vita una ricchezza spropositata ed una posizione di potere elevatissima. Tutta l&#8217;America sapeva che era un delinquente dei peggiori, a Chicago nessuno poteva dormire tranquillo e l&#8217;FBI lo dichiar\u00f2 nemico pubblico n\u00b01. Eppure, grazie ad ingenti opere di corruzione, nessuno riusc\u00ec a contrastarlo per moltissimo tempo e nessuno pot\u00e8 provare un suo collegamento con le stragi ed i crimini di cui costantemente si macchiava.<br \/>\nE non si pensi che il popolo lo odiasse, affatto, perch\u00e8 lui non faceva altro che dare alla gente quello che la gente voleva.<br \/>\nEbbene, per arrestare un pluriomicida malavitoso come capone, dovettero attaccarsi all&#8217;evasione fiscale ed uno come lui fini in galera condannato a &#8220;soli&#8221; 11 anni di reclusione.<br \/>\nParadossale, a pensarci sopra.<br \/>\nOggi il GIP ha disposto che Silvio Berlusconi venga processato per concussione e favoreggiamento alla prostituzione. La prima udienza sar\u00e0 il 6 Aprile. Nel leggere la notizia non ho potuto fare a meno di notare un certo qual parallelismo tra le due storie. Non so se cinquanta giorni saranno sufficienti al Premier per lavorare ad un DDL che lo scampi dal presentarsi in aula. Tuttavia mi piace ricordare che Capone corruppe la giuria che avrebbe dovuto sentienziare su di lui, ma questa venne improvvisamente sostituita la notte precedente il processo, ponendo il pi\u00f9 noto gangster della storia di fronte alle sue colpe ed assicurandolo alla giustizia.<br \/>\nDi conseguenza, mi piace sperare che gli ultimi colpi di coda del Presidente del Consiglio si riveleranno inefficaci e daranno finalmente la possibilit\u00e0 ai giudici di processarlo per questi ed altri crimini di cui \u00e8 imputato.<br \/>\nMagari, tra qualche anno, qualcuno girer\u00e0 un film su questa storia. Un film che vincer\u00e0 degli oscar. Un film in cui un bravissimo attore interpreter\u00e0 la scena finale al palazzo di Giustizia di Milano, gridando &#8220;<a target=\"_blank\" href=\"http:\/\/www.youtube.com\/watch?v=5PoB9DADFO0\">Sei solo chiacchiere e distintivo!!!<\/a>&#8221; ad un attrice nei panni di Ilda Boccassini.<\/p>\n","protected":false},"excerpt":{"rendered":"<p>Alphonse Gabriel Capone, detto Al, era un malavitoso. Grazie ad un vastissimo giro di illeciti, costellati da ingenti omicidi, accumul\u00f2 nella sua pur breve vita una ricchezza spropositata ed una posizione di potere elevatissima. Tutta l&#8217;America sapeva che era un delinquente dei peggiori, a Chicago nessuno poteva dormire tranquillo e l&#8217;FBI lo dichiar\u00f2 nemico pubblico&hellip;&nbsp;<a href=\"https:\/\/www.manq.it\/index.php\/2011\/02\/15\/chiacchiere-e-distintivo\/\" rel=\"bookmark\">Leggi tutto &raquo;<span class=\"screen-reader-text\">Chiacchiere e distintivo<\/span><\/a><\/p>\n","protected":false},"author":1,"featured_media":0,"comment_status":"open","ping_status":"open","sticky":false,"template":"","format":"standard","meta":{"neve_meta_sidebar":"","neve_meta_container":"","neve_meta_enable_content_width":"","neve_meta_content_width":0,"neve_meta_title_alignment":"","neve_meta_author_avatar":"","neve_post_elements_order":"","neve_meta_disable_header":"","neve_meta_disable_footer":"","neve_meta_disable_title":"","footnotes":""},"categories":[43,18,4],"tags":[],"class_list":["post-705","post","type-post","status-publish","format-standard","hentry","category-litalia-e-una-merda-ma","category-politica","category-riflessioni"],"_links":{"self":[{"href":"https:\/\/www.manq.it\/index.php\/wp-json\/wp\/v2\/posts\/705","targetHints":{"allow":["GET"]}}],"collection":[{"href":"https:\/\/www.manq.it\/index.php\/wp-json\/wp\/v2\/posts"}],"about":[{"href":"https:\/\/www.manq.it\/index.php\/wp-json\/wp\/v2\/types\/post"}],"author":[{"embeddable":true,"href":"https:\/\/www.manq.it\/index.php\/wp-json\/wp\/v2\/users\/1"}],"replies":[{"embeddable":true,"href":"https:\/\/www.manq.it\/index.php\/wp-json\/wp\/v2\/comments?post=705"}],"version-history":[{"count":0,"href":"https:\/\/www.manq.it\/index.php\/wp-json\/wp\/v2\/posts\/705\/revisions"}],"wp:attachment":[{"href":"https:\/\/www.manq.it\/index.php\/wp-json\/wp\/v2\/media?parent=705"}],"wp:term":[{"taxonomy":"category","embeddable":true,"href":"https:\/\/www.manq.it\/index.php\/wp-json\/wp\/v2\/categories?post=705"},{"taxonomy":"post_tag","embeddable":true,"href":"https:\/\/www.manq.it\/index.php\/wp-json\/wp\/v2\/tags?post=705"}],"curies":[{"name":"wp","href":"https:\/\/api.w.org\/{rel}","templated":true}]}}