{"id":778,"date":"2011-12-22T14:00:52","date_gmt":"2011-12-22T13:00:52","guid":{"rendered":"http:\/\/www.manq.it\/?p=778"},"modified":"2011-12-22T14:09:49","modified_gmt":"2011-12-22T13:09:49","slug":"my-german-years","status":"publish","type":"post","link":"https:\/\/www.manq.it\/index.php\/2011\/12\/22\/my-german-years\/","title":{"rendered":"My German years"},"content":{"rendered":"<p align=\"justify\">Data astrale 22-12-2011.<br \/>\nDopo ventitr\u00e8 mesi, Manq lascia le terre teutoniche per il rientro in patria a tempo indeterminato. Sono stati due anni lunghi, per certi versi, ma sono comunque trascorsi in un lampo.<br \/>\nNon sempre \u00e8 stato facile vivere qui, non sempre \u00e8 stato bello relazionarsi con la gente del posto, ma spesso lo \u00e8 stato e questo alla fine, un po&#8217; di malinconia addosso me la mette. La scelta di rientrare non \u00e8 mai stata in discussione e non c&#8217;\u00e8 dispiacere alcuno nell&#8217;essere riusciti a metterla in atto, per\u00f2 come ogni volta che qualcosa di importante finisce, resta quel sapore salato di ricordi, momenti belli e brutti, atmosfere, persone, vita.<br \/>\nMarted\u00ec ho messo in ordine tutte le mie cose in laboratorio, classificando scrupolosamente sei anni di protocolli, risultati, reagenti, foto, video. Alla fine ero commosso. Ci sta.<br \/>\nDa Gennaio si ricomincia da capo: casa nuova, lavoro nuovo e vita nuova. Gi\u00e0 perch\u00e8 \u00e8 ovvio che nulla sar\u00e0 esattamente com&#8217;era prima che partissi. Due anni son passati per tutti, quindi bisogner\u00e0 riabtuarsi alla proprie abitudini, rientrare nella routine abbandonata, risalire su un treno da cui son sceso per un po&#8217;, ma che ha ancora a bordo tutti i miei bagagli.<br \/>\nBon, finiamola qui con sto post pretenzioso e malinconico.<br \/>\nChiudo con una piccola raccolta di immagini, istantanee di quello che pi\u00f9 o meno per me son stati questi due anni.<br \/>\n<a href=\"http:\/\/www.manq.it\/wordpress\/wp-content\/uploads\/germania\/index.html\" target=\"_blank\">2010-2011: My Germa years.<\/a><br \/>\nCius!<\/p>\n","protected":false},"excerpt":{"rendered":"<p>Data astrale 22-12-2011. Dopo ventitr\u00e8 mesi, Manq lascia le terre teutoniche per il rientro in patria a tempo indeterminato. Sono stati due anni lunghi, per certi versi, ma sono comunque trascorsi in un lampo. Non sempre \u00e8 stato facile vivere qui, non sempre \u00e8 stato bello relazionarsi con la gente del posto, ma spesso lo&hellip;&nbsp;<a href=\"https:\/\/www.manq.it\/index.php\/2011\/12\/22\/my-german-years\/\" rel=\"bookmark\">Leggi tutto &raquo;<span class=\"screen-reader-text\">My German years<\/span><\/a><\/p>\n","protected":false},"author":1,"featured_media":0,"comment_status":"open","ping_status":"open","sticky":false,"template":"","format":"standard","meta":{"neve_meta_sidebar":"","neve_meta_container":"","neve_meta_enable_content_width":"","neve_meta_content_width":0,"neve_meta_title_alignment":"","neve_meta_author_avatar":"","neve_post_elements_order":"","neve_meta_disable_header":"","neve_meta_disable_footer":"","neve_meta_disable_title":"","footnotes":""},"categories":[21,42,43,11,24,4],"tags":[],"class_list":["post-778","post","type-post","status-publish","format-standard","hentry","category-amici","category-koln","category-litalia-e-una-merda-ma","category-lavoro","category-ricordi","category-riflessioni"],"_links":{"self":[{"href":"https:\/\/www.manq.it\/index.php\/wp-json\/wp\/v2\/posts\/778","targetHints":{"allow":["GET"]}}],"collection":[{"href":"https:\/\/www.manq.it\/index.php\/wp-json\/wp\/v2\/posts"}],"about":[{"href":"https:\/\/www.manq.it\/index.php\/wp-json\/wp\/v2\/types\/post"}],"author":[{"embeddable":true,"href":"https:\/\/www.manq.it\/index.php\/wp-json\/wp\/v2\/users\/1"}],"replies":[{"embeddable":true,"href":"https:\/\/www.manq.it\/index.php\/wp-json\/wp\/v2\/comments?post=778"}],"version-history":[{"count":0,"href":"https:\/\/www.manq.it\/index.php\/wp-json\/wp\/v2\/posts\/778\/revisions"}],"wp:attachment":[{"href":"https:\/\/www.manq.it\/index.php\/wp-json\/wp\/v2\/media?parent=778"}],"wp:term":[{"taxonomy":"category","embeddable":true,"href":"https:\/\/www.manq.it\/index.php\/wp-json\/wp\/v2\/categories?post=778"},{"taxonomy":"post_tag","embeddable":true,"href":"https:\/\/www.manq.it\/index.php\/wp-json\/wp\/v2\/tags?post=778"}],"curies":[{"name":"wp","href":"https:\/\/api.w.org\/{rel}","templated":true}]}}