{"id":90,"date":"2005-08-05T03:35:44","date_gmt":"2005-08-05T01:35:44","guid":{"rendered":"http:\/\/www.manq.it\/wordpress\/?p=90"},"modified":"2007-09-20T20:17:24","modified_gmt":"2007-09-20T18:17:24","slug":"preparativi","status":"publish","type":"post","link":"https:\/\/www.manq.it\/index.php\/2005\/08\/05\/preparativi\/","title":{"rendered":"Preparativi"},"content":{"rendered":"<p align=\"justify\">Mancano pochi giorni alla partenza per le vacanze ed i preparativi sono nel pieno del loro fermento. Ad oggi manca nell&#8217;ordine: qualcuno che ci porti all&#8217;aereoporto di Orio, un itinerario preciso del giro turistico che si voglia intraprendere in Scozia, un&#8217;idea anche solamente vaga di quanto le macchine ci verranno a costare e di come fare a raggiungere il posto dove ce le noleggeranno, la certezza che la nostra patente sia riconosciuta dall&#8217;Enterprise e quindi atta al &#8220;renting&#8221; delle autovetture ed un accordo anche sommario tra le sette parti in causa su priorit\u00e0 di visita e stile di vita da tenere oltre manica. Nella speranza che queste piccole lacune possano venir colmate mi sono adoprato per risolvere i miei problemi di style durante il soggiorno sulle Highlands. Il kilt \u00e8 ormai pronto, necessita unicamente dei due bottoni che me lo terranno in vita. E&#8217; bello, molto bello e approfitto per ringraziare del lavoro svolto la Kla e la nonna di Simo. Pu\u00f2 essere vestito in due modalit\u00e0 principali: alto in vita o altissimo. Io credo che propender\u00f2 per la prima, anche se la seconda che ne porta l&#8217;orlo superiore fin sopra l&#8217;ombelico ne esprime la vestibilit\u00e0 migliore. Devo ancora fare qualche prova con l&#8217;abbigliamento superiore prima di ufficializzare la scelta, quindi vedremo. Intanto ho imbracciato anche io ago e filo e poc&#8217;anzi ho finito di rivestire del medesimo tartan del Kilt, la prima spallina del mio Eastpack. Il lavoro, pur essendo stato svolto da me non \u00e8 male e mi ha reso piuttosto soddisfatto. Domani lavorer\u00f2 sulla seconda cos\u00ec che il mio zaino diventi perfettamente abbinato al gonnellino intriso di folklore. Vorrei mettere una foto dell&#8217;operato su queste pagine prima di partire, ma non so se sia meglio attendere e sceglierne una da quelle che far\u00f2 in loco. Nulla esclude che io opti per entrambe le soluzioni. Oltre ai problemi di look, sto riarredando con calma il mio lettore Mp3 in modo da renderlo perfettamente funzionale alla vacanza. Dalle stime fatte credo non avr\u00f2 problemi ad ultimare il lavoro entro breve, ma nulla vieta che io venga in possesso di qualche altro CD meritevole prima di marted\u00ec e che quindi ci debba rimettere mano.<br \/>\nOra vado a leggere un po&#8217; di &#8220;Niente di vero tranne gli occhi&#8221;, seconda fatica del Faletti scrittore. Rispetto a &#8220;Io Uccido&#8221; lo stile di scrittura mi pare molto migliorato e questo me lo sta facendo apprezzare nonostante lo scorrere un po&#8217; pi\u00f9 lento degli avvenimenti narrati. Vedremo. C&#8217;\u00e8 da dire che a differenza del libro d&#8217;esordio in questo non si percepisce ancora chi possa essere l&#8217;assassino, anche dopo le prime 200 pagine. Io nutro un sospetto nei confronti del Sindaco di New York, ma credo sia pi\u00f9 corretto definirla antipatia che reale sospetto. Spero di finire la lettura prima della partenza poich\u00e8 in vacanza vorrei dedicarmi a qualcosa di Ken Follet, di cui tutti non fanno che tessermi le lodi.<br \/>\nIntanto, da qualche parte della spagna in una qualche spiaggia per surfisti, Ambra si sta godendo mare, tavole e tutto ci\u00f2 per cui io impazzisco mentre io sono qui in guerriglia con le stramaledette zanzare.<br \/>\nVorrei essere con lei.<br \/>\nCredo tuttavia lo vorrei anche se qui non ci fossero le zanzare e lei non fosse immersa in un ambiente che ai miei occhi potrebbe ricordare l&#8217;immaginario paradisiaco.<\/p>\n","protected":false},"excerpt":{"rendered":"<p>Mancano pochi giorni alla partenza per le vacanze ed i preparativi sono nel pieno del loro fermento. Ad oggi manca nell&#8217;ordine: qualcuno che ci porti all&#8217;aereoporto di Orio, un itinerario preciso del giro turistico che si voglia intraprendere in Scozia, un&#8217;idea anche solamente vaga di quanto le macchine ci verranno a costare e di come&hellip;&nbsp;<a href=\"https:\/\/www.manq.it\/index.php\/2005\/08\/05\/preparativi\/\" rel=\"bookmark\">Leggi tutto &raquo;<span class=\"screen-reader-text\">Preparativi<\/span><\/a><\/p>\n","protected":false},"author":1,"featured_media":0,"comment_status":"open","ping_status":"open","sticky":false,"template":"","format":"standard","meta":{"neve_meta_sidebar":"","neve_meta_container":"","neve_meta_enable_content_width":"","neve_meta_content_width":0,"neve_meta_title_alignment":"","neve_meta_author_avatar":"","neve_post_elements_order":"","neve_meta_disable_header":"","neve_meta_disable_footer":"","neve_meta_disable_title":"","footnotes":""},"categories":[12,10],"tags":[],"class_list":["post-90","post","type-post","status-publish","format-standard","hentry","category-libri","category-viaggi"],"_links":{"self":[{"href":"https:\/\/www.manq.it\/index.php\/wp-json\/wp\/v2\/posts\/90","targetHints":{"allow":["GET"]}}],"collection":[{"href":"https:\/\/www.manq.it\/index.php\/wp-json\/wp\/v2\/posts"}],"about":[{"href":"https:\/\/www.manq.it\/index.php\/wp-json\/wp\/v2\/types\/post"}],"author":[{"embeddable":true,"href":"https:\/\/www.manq.it\/index.php\/wp-json\/wp\/v2\/users\/1"}],"replies":[{"embeddable":true,"href":"https:\/\/www.manq.it\/index.php\/wp-json\/wp\/v2\/comments?post=90"}],"version-history":[{"count":0,"href":"https:\/\/www.manq.it\/index.php\/wp-json\/wp\/v2\/posts\/90\/revisions"}],"wp:attachment":[{"href":"https:\/\/www.manq.it\/index.php\/wp-json\/wp\/v2\/media?parent=90"}],"wp:term":[{"taxonomy":"category","embeddable":true,"href":"https:\/\/www.manq.it\/index.php\/wp-json\/wp\/v2\/categories?post=90"},{"taxonomy":"post_tag","embeddable":true,"href":"https:\/\/www.manq.it\/index.php\/wp-json\/wp\/v2\/tags?post=90"}],"curies":[{"name":"wp","href":"https:\/\/api.w.org\/{rel}","templated":true}]}}